{"id":7436,"date":"2013-01-09T06:00:10","date_gmt":"2013-01-09T06:00:10","guid":{"rendered":"http:\/\/triatletasenred.com\/?p=7436"},"modified":"2013-01-20T19:42:54","modified_gmt":"2013-01-20T19:42:54","slug":"previa-travesia-no-a-la-fred-2013","status":"publish","type":"post","link":"https:\/\/miurltemporal.com/main/triatletasenred.sport.es\/competiciones\/previa-travesia-no-a-la-fred-2013\/","title":{"rendered":"PREVIA TRAVESIA NO A LA FRED 2013"},"content":{"rendered":"<h4 style=\"text-align: justify;\">De manos de Ultraquim obtenemos la previa de una de las primeras\u00a0traves\u00edas\u00a0del a\u00f1o la &#8220;No a la fred&#8221;<\/h4>\n<p style=\"text-align: justify;\">Domingo 27 de enero de 2013<\/p>\n<p style=\"text-align: justify;\">Lugar: Sant Feliu de Gu\u00edxols<\/p>\n<p style=\"text-align: justify;\">Organizador: Club Aqu\u00e0tic Xaloc<\/p>\n<p style=\"text-align: justify;\">Distancia: entre 1.500 y 2.000 metros.<\/p>\n<p style=\"text-align: justify;\">10:00 Concentraci\u00f3n nadadores y briefing presencial en la playa grande de Sant Feliu de Gu\u00edxols<\/p>\n<p style=\"text-align: justify;\">11:00 Salida traves\u00eda<\/p>\n<p style=\"text-align: justify;\">Servicios: Kayaks y embarcaciones de soporte, guarda-ropa guarda-bicicletas y duchas en el pabell\u00f3n municipal de La Corxera.<\/p>\n<p style=\"text-align: justify;\">Traves\u00eda no competitiva, el adversario ser\u00e1 la temperatura del mar, que puede rondar entre los 12 y 13 grados, todo un desaf\u00edo para los y las m\u00e1s valientes, que se ver\u00e1 recompensado con chocolate caliente a la llegada.<\/p>\n<p style=\"text-align: justify;\">El trayecto discurre paralelo y pr\u00f3ximo a la costa permitiendo ver su fondo,\u00a0 disfrutando de las formaciones rocosas, hasta llegar al Freu, paso entre rocas, si el estado del mar lo permite, se cruzar\u00e1 para disfrutar de un paraje con gran riqueza ecol\u00f3gica, para volver por el mismo recorrido.<\/p>\n<p style=\"text-align: justify;\">Es una buena ocasi\u00f3n para comprobar que en invierno se puede nadar en aguas abiertas y romper tab\u00fas.<\/p>\n<p style=\"text-align: justify;\">M\u00e1s informaci\u00f3n e inscripciones en: <a href=\"http:\/\/www.clubaquaticxaloc.com\/web2012\/natacio_classica.php?idm=1&amp;secc=4\" rel=\"nofollow noopener\" target=\"_blank\">Club Aqu\u00e0tic Xaloc<\/a><\/p>\n<p style=\"text-align: justify;\">Estad atentos a nuestra <a href=\"https:\/\/www.facebook.com\/Triatletas20\" rel=\"nofollow noopener\" target=\"_blank\">p\u00e1gina del facebook<\/a> y podr\u00e9is conseguir una invitaci\u00f3n para participar en la No a la fred.<\/p>\n<p style=\"text-align: justify;\"><img fetchpriority=\"high\" decoding=\"async\" class=\"alignnone\" title=\"Recorrido\" src=\"https:\/\/dl.dropbox.com\/u\/3879676\/triATLETAS\/imatges\/ultraquim\/no%20a%20la%20fred\/recorregut.jpg\" alt=\"\" width=\"627\" height=\"398\" \/><\/p>\n<a class=\"vc_btn vc_btn-pink vc_btn-sm vc_btn_square \" href=\"http:\/\/www.ultraquim.net\/\" rel=\"nofollow noopener\" target=\"_blank\">ESPACIO DE ULTRAQUIM<\/a>\n","protected":false},"excerpt":{"rendered":"<p>De manos de Ultraquim obtenemos la previa de una de las primeras\u00a0traves\u00edas\u00a0del a\u00f1o la &#8220;No a la fred&#8221; Domingo 27 de enero de 2013 Lugar: Sant Feliu de Gu\u00edxols Organizador: Club Aqu\u00e0tic Xaloc Distancia: entre 1.500 y 2.000 metros. 10:00 Concentraci\u00f3n nadadores y briefing presencial en la playa grande de Sant Feliu de Gu\u00edxols 11:00 [&hellip;]<\/p>\n","protected":false},"author":6,"featured_media":7437,"comment_status":"closed","ping_status":"open","sticky":false,"template":"","format":"standard","meta":{"_acf_changed":false,"rank_math_lock_modified_date":false,"footnotes":""},"categories":[19],"tags":[443,41],"class_list":{"0":"post-7436","1":"post","2":"type-post","3":"status-publish","4":"format-standard","5":"has-post-thumbnail","7":"category-competiciones","8":"tag-no-a-la-fred","9":"tag-ultraquim"},"acf":[],"_links":{"self":[{"href":"https:\/\/miurltemporal.com/main/triatletasenred.sport.es\/wp-json\/wp\/v2\/posts\/7436"}],"collection":[{"href":"https:\/\/miurltemporal.com/main/triatletasenred.sport.es\/wp-json\/wp\/v2\/posts"}],"about":[{"href":"https:\/\/miurltemporal.com/main/triatletasenred.sport.es\/wp-json\/wp\/v2\/types\/post"}],"author":[{"embeddable":true,"href":"https:\/\/miurltemporal.com/main/triatletasenred.sport.es\/wp-json\/wp\/v2\/users\/6"}],"replies":[{"embeddable":true,"href":"https:\/\/miurltemporal.com/main/triatletasenred.sport.es\/wp-json\/wp\/v2\/comments?post=7436"}],"version-history":[{"count":0,"href":"https:\/\/miurltemporal.com/main/triatletasenred.sport.es\/wp-json\/wp\/v2\/posts\/7436\/revisions"}],"wp:featuredmedia":[{"embeddable":true,"href":"https:\/\/miurltemporal.com/main/triatletasenred.sport.es\/wp-json\/wp\/v2\/media\/7437"}],"wp:attachment":[{"href":"https:\/\/miurltemporal.com/main/triatletasenred.sport.es\/wp-json\/wp\/v2\/media?parent=7436"}],"wp:term":[{"taxonomy":"category","embeddable":true,"href":"https:\/\/miurltemporal.com/main/triatletasenred.sport.es\/wp-json\/wp\/v2\/categories?post=7436"},{"taxonomy":"post_tag","embeddable":true,"href":"https:\/\/miurltemporal.com/main/triatletasenred.sport.es\/wp-json\/wp\/v2\/tags?post=7436"}],"curies":[{"name":"wp","href":"https:\/\/api.w.org\/{rel}","templated":true}]}}