{"id":74298,"date":"2021-06-03T08:00:44","date_gmt":"2021-06-03T06:00:44","guid":{"rendered":"https:\/\/miurltemporal.com/main/triatletasenred.sport.es\/?p=74298"},"modified":"2021-06-03T08:25:12","modified_gmt":"2021-06-03T06:25:12","slug":"roger-manya-y-victor-arroyo","status":"publish","type":"post","link":"https:\/\/miurltemporal.com/main/triatletasenred.sport.es\/videos-triatlon\/roger-manya-y-victor-arroyo\/","title":{"rendered":"Victor Arroyo y Roger Many\u00e0 cara a cara tras su \u00e9xito en el TRADEINN 140.6INN"},"content":{"rendered":"<p>Una charla SIN CORTES entre el Campe\u00f3n de Espa\u00f1a Victor Arroyo y nuestro becario, subcampe\u00f3n en Girona, Roger Many\u00e0.<\/p>\n<p>Un documento de tomar papel y boli y &#8230; APRENDER!<\/p>\n<p><\/a><\/p>\n","protected":false},"excerpt":{"rendered":"<p>Una charla SIN CORTES entre el Campe\u00f3n de Espa\u00f1a Victor Arroyo y nuestro becario, subcampe\u00f3n en Girona, Roger Many\u00e0. Un documento de tomar papel y boli y &#8230; APRENDER!<\/p>\n","protected":false},"author":2,"featured_media":74308,"comment_status":"closed","ping_status":"closed","sticky":false,"template":"","format":"video","meta":{"_acf_changed":false,"rank_math_lock_modified_date":false,"footnotes":""},"categories":[17,8157],"tags":[8106,8276,8661],"class_list":{"0":"post-74298","1":"post","2":"type-post","3":"status-publish","4":"format-video","5":"has-post-thumbnail","7":"category-actualidad","8":"category-videos-triatlon","9":"tag-roger-manya","10":"tag-tradeinn-140-6inn","11":"tag-victor-arrollo","12":"post_format-post-format-video"},"acf":[],"_links":{"self":[{"href":"https:\/\/miurltemporal.com/main/triatletasenred.sport.es\/wp-json\/wp\/v2\/posts\/74298"}],"collection":[{"href":"https:\/\/miurltemporal.com/main/triatletasenred.sport.es\/wp-json\/wp\/v2\/posts"}],"about":[{"href":"https:\/\/miurltemporal.com/main/triatletasenred.sport.es\/wp-json\/wp\/v2\/types\/post"}],"author":[{"embeddable":true,"href":"https:\/\/miurltemporal.com/main/triatletasenred.sport.es\/wp-json\/wp\/v2\/users\/2"}],"replies":[{"embeddable":true,"href":"https:\/\/miurltemporal.com/main/triatletasenred.sport.es\/wp-json\/wp\/v2\/comments?post=74298"}],"version-history":[{"count":0,"href":"https:\/\/miurltemporal.com/main/triatletasenred.sport.es\/wp-json\/wp\/v2\/posts\/74298\/revisions"}],"wp:featuredmedia":[{"embeddable":true,"href":"https:\/\/miurltemporal.com/main/triatletasenred.sport.es\/wp-json\/wp\/v2\/media\/74308"}],"wp:attachment":[{"href":"https:\/\/miurltemporal.com/main/triatletasenred.sport.es\/wp-json\/wp\/v2\/media?parent=74298"}],"wp:term":[{"taxonomy":"category","embeddable":true,"href":"https:\/\/miurltemporal.com/main/triatletasenred.sport.es\/wp-json\/wp\/v2\/categories?post=74298"},{"taxonomy":"post_tag","embeddable":true,"href":"https:\/\/miurltemporal.com/main/triatletasenred.sport.es\/wp-json\/wp\/v2\/tags?post=74298"}],"curies":[{"name":"wp","href":"https:\/\/api.w.org\/{rel}","templated":true}]}}