{"id":741,"date":"2012-07-13T08:28:46","date_gmt":"2012-07-13T08:28:46","guid":{"rendered":"http:\/\/triatletasenred.com\/?p=741"},"modified":"2012-07-19T20:53:33","modified_gmt":"2012-07-19T20:53:33","slug":"xii-travesia-popular-del-pantno-de-la-baells","status":"publish","type":"post","link":"https:\/\/miurltemporal.com/main/triatletasenred.sport.es\/competiciones\/xii-travesia-popular-del-pantno-de-la-baells\/","title":{"rendered":"XII TRAVES\u00cdA POPULAR DE LA BAELLS"},"content":{"rendered":"<p>Los amigos del Club Triatl\u00f3 Berga nos hacen llegar su pr\u00f3xima iniciativa, su duod\u00e9cima traves\u00eda en el Pantano cercano a la capital del Bergued\u00e0.<\/p>\n<div>La prueba consiste en un tramo de nataci\u00f3n de 1500 metros y se celebrar\u00e1 el domingo 29 de julio con un car\u00e1cter claramente popular.<\/div>\n<div>El punto de salida y llegada ser\u00e1 en la presa del pantano de La Baells, situado en la carretera C-26 de Berga a Ripoll.<\/div>\n<div><\/div>\n<div>Una buena oportunidad para disfrutar de la nataci\u00f3n y testar el pantano para todos los que competir\u00e1n en septiembre en la Half Sailfish de la localidad<\/div>\n<div><\/div>\n<div>La salida es a las 11h y las inscripciones se pueden realizar hasta el mismo d\u00eda a las 9:30 de la ma\u00f1ana con el precio popular de 5\u20ac.<\/div>\n<div><\/div>\n<div>Desde nuestro espacio agradecer a la organizaci\u00f3n que cuente con nosotros para difundir el evento y desear una gran matinal deportiva en la <em>ciutat de la Patum<\/em>.<\/div>\n<div><\/div>\n<div><img fetchpriority=\"high\" decoding=\"async\" class=\"aligncenter\" src=\"http:\/\/www.facebook.com\/ajax\/messaging\/attachment.php?attach_id=07e9580a-87cc-4730-ab5f-71cccfa99f60&amp;mid=id.116269211851097&amp;ext=1342171179&amp;hash=AQBRQw9Tf8JJmXkL\" alt=\"\" width=\"303\" height=\"429\" \/><\/div>\n","protected":false},"excerpt":{"rendered":"<p>Los amigos del Club Triatl\u00f3 Berga nos hacen llegar su pr\u00f3xima iniciativa, su duod\u00e9cima traves\u00eda en el Pantano cercano a la capital del Bergued\u00e0. La prueba consiste en un tramo de nataci\u00f3n de 1500 metros y se celebrar\u00e1 el domingo 29 de julio con un car\u00e1cter claramente popular. El punto de salida y llegada ser\u00e1 [&hellip;]<\/p>\n","protected":false},"author":2,"featured_media":0,"comment_status":"open","ping_status":"open","sticky":false,"template":"","format":"standard","meta":{"_acf_changed":false,"rank_math_lock_modified_date":false,"footnotes":""},"categories":[19],"tags":[],"class_list":{"0":"post-741","1":"post","2":"type-post","3":"status-publish","4":"format-standard","6":"category-competiciones"},"acf":[],"_links":{"self":[{"href":"https:\/\/miurltemporal.com/main/triatletasenred.sport.es\/wp-json\/wp\/v2\/posts\/741"}],"collection":[{"href":"https:\/\/miurltemporal.com/main/triatletasenred.sport.es\/wp-json\/wp\/v2\/posts"}],"about":[{"href":"https:\/\/miurltemporal.com/main/triatletasenred.sport.es\/wp-json\/wp\/v2\/types\/post"}],"author":[{"embeddable":true,"href":"https:\/\/miurltemporal.com/main/triatletasenred.sport.es\/wp-json\/wp\/v2\/users\/2"}],"replies":[{"embeddable":true,"href":"https:\/\/miurltemporal.com/main/triatletasenred.sport.es\/wp-json\/wp\/v2\/comments?post=741"}],"version-history":[{"count":0,"href":"https:\/\/miurltemporal.com/main/triatletasenred.sport.es\/wp-json\/wp\/v2\/posts\/741\/revisions"}],"wp:attachment":[{"href":"https:\/\/miurltemporal.com/main/triatletasenred.sport.es\/wp-json\/wp\/v2\/media?parent=741"}],"wp:term":[{"taxonomy":"category","embeddable":true,"href":"https:\/\/miurltemporal.com/main/triatletasenred.sport.es\/wp-json\/wp\/v2\/categories?post=741"},{"taxonomy":"post_tag","embeddable":true,"href":"https:\/\/miurltemporal.com/main/triatletasenred.sport.es\/wp-json\/wp\/v2\/tags?post=741"}],"curies":[{"name":"wp","href":"https:\/\/api.w.org\/{rel}","templated":true}]}}