{"id":73848,"date":"2021-05-09T15:36:20","date_gmt":"2021-05-09T13:36:20","guid":{"rendered":"https:\/\/miurltemporal.com/main/triatletasenred.sport.es\/?p=73848"},"modified":"2021-05-09T15:37:00","modified_gmt":"2021-05-09T13:37:00","slug":"pablo-dapena-suma-y-sigue-con-un-2o-en-riccione","status":"publish","type":"post","link":"https:\/\/miurltemporal.com/main/triatletasenred.sport.es\/actualidad\/pablo-dapena-suma-y-sigue-con-un-2o-en-riccione\/","title":{"rendered":"Pablo Dapena suma y sigue con un 2\u00ba en Riccione"},"content":{"rendered":"\n<figure class=\"wp-block-gallery columns-1 is-cropped wp-block-gallery-1 is-layout-flex wp-block-gallery-is-layout-flex\"><ul class=\"blocks-gallery-grid\"><li class=\"blocks-gallery-item\"><figure><img fetchpriority=\"high\" decoding=\"async\" width=\"700\" height=\"150\" src=\"https:\/\/miurltemporal.com/main/triatletasenred.sport.es\/wp-content\/uploads\/Inverse_700X150.jpg\" data-id=\"71734\" class=\"wp-image-71734\" srcset=\"https:\/\/miurltemporal.com/main/triatletasenred.sport.es\/wp-content\/uploads\/Inverse_700X150.jpg 700w, https:\/\/miurltemporal.com/main/triatletasenred.sport.es\/wp-content\/uploads\/Inverse_700X150-300x64.jpg 300w, https:\/\/miurltemporal.com/main/triatletasenred.sport.es\/wp-content\/uploads\/Inverse_700X150-696x150.jpg 696w\" sizes=\"(max-width: 700px) 100vw, 700px\" \/><\/figure><\/li><\/ul><\/figure>\n\n\n\n<h3 class=\"wp-block-heading\">El gallego agranda su palmar\u00e9s y confirma su buen estado de forma, solo superado por Thomas Steger<\/h3>\n\n\n\n<p>Luego de su genial actuaci\u00f3n en Mog\u00e1n, <strong>Pablo Dapena<\/strong> ha vuelto a sacar a relucir todo su potencial en la media distancia.<\/p>\n\n\n\n<p>En un momento en el que cada vez m\u00e1s los triatletas profesionales se especializan en una distancia -v\u00e9ase <strong>Sanders<\/strong> en MD tambi\u00e9n- Pablo Dapena es, a d\u00eda de hoy, un referente a cualquier carrera en la que tome salida.<\/p>\n\n\n\n<p>Este 2021, tan s\u00f3lo <strong>Frodo<\/strong> y <strong>Thomas Steger<\/strong> han podido con \u00e9l, aunque lo m\u00e1s significativo son las \u2018bajas\u2019 que Pablo deja en cada carrera. Todos ellos nombres m\u00e1s que instaurados en el triatl\u00f3n mundial.<\/p>\n\n\n\n<p>En la batalla de hoy por tierras italianas, la pugna se ha vuelto a librar a pie, d\u00f3nde el compa\u00f1ero de equipo de <strong>Albert Moreno<\/strong> en el Pewag, ha superado a Dapena en los \u00faltimos minutos de la media marat\u00f3n. <\/p>\n\n\n\n<p>Los favoritos se mantuvieron juntos durante los primeros compases de la carrera, con el belga <strong>Hemeryck<\/strong> liderando la nataci\u00f3n, con <strong>Pablo<\/strong> a escasos segundos. El gran perjudicado ser\u00eda <strong>Kienle<\/strong> que perder\u00eda casi 3 minutos<\/p>\n\n\n\n<p>Ya sobre la bici, los cont\u00ednuos estocazos dinamitaron la cabeza de carrera, dejando a <strong>Ceccarelli<\/strong> solo en cabeza, con Pablo por encima de los 90 segundos y Kienle a 2:30.<\/p>\n\n\n\n<p><strong>Dapena<\/strong> tomar\u00eda la cabeza hasta ser superado por <strong>Steger<\/strong> en la \u00faltima de las vueltas a pie, mientras que el \u2018Panzer\u2019 <strong>Kienle<\/strong> remontar\u00eda bastamente a pie, pese a no estar en su mejor momento y estrenarse esta temporada.<\/p>\n\n\n\n<p>El crono del vencedor ser\u00eda de 3:52:34, con <strong>Pablo<\/strong> entrando a 1\u201920\u201d y <strong>Sebi<\/strong> a menos de 3 minutos.<\/p>\n\n\n\n<p>En categor\u00eda femenina, triunfo muy c\u00f3modo para <strong>Sarissa De Vries<\/strong>, entrando en meta con 4:23:16 seguida por <strong>Lee India<\/strong> a casi 6 minutos, incapaz de seguir a <strong>Sarissa<\/strong> en bici, pese a su parcial a pie. Sorprender\u00eda <strong>Marta Bernardi<\/strong> con el 3r puesto a 10 minutos de <strong>De Vries<\/strong>.<\/p>\n","protected":false},"excerpt":{"rendered":"<p>El gallego agranda su palmar\u00e9s y confirma su buen estado de forma, solo superado por Thomas Steger Luego de su genial actuaci\u00f3n en Mog\u00e1n, Pablo Dapena ha vuelto a sacar a relucir todo su potencial en la media distancia. En un momento en el que cada vez m\u00e1s los triatletas profesionales se especializan en una [&hellip;]<\/p>\n","protected":false},"author":309,"featured_media":73843,"comment_status":"closed","ping_status":"closed","sticky":false,"template":"","format":"standard","meta":{"_acf_changed":false,"rank_math_lock_modified_date":false,"footnotes":""},"categories":[17],"tags":[],"class_list":{"0":"post-73848","1":"post","2":"type-post","3":"status-publish","4":"format-standard","5":"has-post-thumbnail","7":"category-actualidad"},"acf":[],"_links":{"self":[{"href":"https:\/\/miurltemporal.com/main/triatletasenred.sport.es\/wp-json\/wp\/v2\/posts\/73848"}],"collection":[{"href":"https:\/\/miurltemporal.com/main/triatletasenred.sport.es\/wp-json\/wp\/v2\/posts"}],"about":[{"href":"https:\/\/miurltemporal.com/main/triatletasenred.sport.es\/wp-json\/wp\/v2\/types\/post"}],"author":[{"embeddable":true,"href":"https:\/\/miurltemporal.com/main/triatletasenred.sport.es\/wp-json\/wp\/v2\/users\/309"}],"replies":[{"embeddable":true,"href":"https:\/\/miurltemporal.com/main/triatletasenred.sport.es\/wp-json\/wp\/v2\/comments?post=73848"}],"version-history":[{"count":0,"href":"https:\/\/miurltemporal.com/main/triatletasenred.sport.es\/wp-json\/wp\/v2\/posts\/73848\/revisions"}],"wp:featuredmedia":[{"embeddable":true,"href":"https:\/\/miurltemporal.com/main/triatletasenred.sport.es\/wp-json\/wp\/v2\/media\/73843"}],"wp:attachment":[{"href":"https:\/\/miurltemporal.com/main/triatletasenred.sport.es\/wp-json\/wp\/v2\/media?parent=73848"}],"wp:term":[{"taxonomy":"category","embeddable":true,"href":"https:\/\/miurltemporal.com/main/triatletasenred.sport.es\/wp-json\/wp\/v2\/categories?post=73848"},{"taxonomy":"post_tag","embeddable":true,"href":"https:\/\/miurltemporal.com/main/triatletasenred.sport.es\/wp-json\/wp\/v2\/tags?post=73848"}],"curies":[{"name":"wp","href":"https:\/\/api.w.org\/{rel}","templated":true}]}}