{"id":73838,"date":"2021-05-08T07:45:51","date_gmt":"2021-05-08T05:45:51","guid":{"rendered":"https:\/\/miurltemporal.com/main/triatletasenred.sport.es\/?p=73838"},"modified":"2021-05-08T01:26:28","modified_gmt":"2021-05-07T23:26:28","slug":"nuevo-recorrido-bici-tradeinn-140-6inn","status":"publish","type":"post","link":"https:\/\/miurltemporal.com/main/triatletasenred.sport.es\/actualidad\/nuevo-recorrido-bici-tradeinn-140-6inn\/","title":{"rendered":"ENT\u00c9RATE AL DETALLE del nuevo circuito ciclista del TRADEINN 140.6INN"},"content":{"rendered":"<h3>La organizaci\u00f3n informaba ayer a los inscritos a la primera edici\u00f3n del TRADEINN 140.6INN International Triathlon del nuevo recorrido ciclista<\/h3>\n<p><\/a><\/p>\n<p>El TRADEINN 140.6INN recupera la primera f\u00f3rmula que ten\u00eda planeada para el 30 de mayo.<\/p>\n<p>Todos los valientes que se lancen a la aventura que nos tienen preparada en Platja d&#8217;Aro, recib\u00edan ayer la noticia del cambio de recorrido ciclista.<\/p>\n<p>Un cambio que, a grandes rasgos, nos ahorra &#8216;algo&#8217; de desnivel, pese a que incorpora un puerto conocido por todos los deportistas de la zona, <a href=\"https:\/\/www.strava.com\/segments\/4829423?filter=overall\" rel=\"nofollow noopener\" target=\"_blank\">l&#8217;Alt de Sant Grau<\/a>, por Llagostera.<\/p>\n<p>Por contra, se elimina el tramo que nos har\u00eda rodar por &#8216;El Tri\u00e1ngulo&#8217; entre Cass\u00e0, Caldes y Llagostera, que dejar\u00eda a los ciclistas a pie del ascenso a Terra Negra, previo a la llegada a la localidad de Tossa de Mar.<\/p>\n<p>En el nuevo recorrido, justo al terminar el descenso de Santa Pellaia, nos dirigiremos casi directos a Llagostera, para seguidamente, ir en busca del Alt de Sant Grau.<\/p>\n<h3>Sant Grau<\/h3>\n<p>8,6km de ascenso aproximadamente, al 4% de pendiente media, en los que se salvan 343m de desnivel positivo.<\/p>\n<p>El puerto se divide en tres partes: Una subida inicial de unos 2km suaves, seguidos de un sector llano en el que se puede rodar r\u00e1pido que discurre hasta el km 4&#8217;5, d\u00f3nde nos encontramos con los \u00faltimos 4km de subida.<\/p>\n<p>Sant Grau no presenta ninguna dificultad en su ascenso, con alguna breve pendiente del 8% que no har\u00e1 variar en ning\u00fan caso la elecci\u00f3n entre cabra o ruta.<\/p>\n<p>El descenso del puerto brindar\u00e1 la mejor panor\u00e1mica de toda la carrera, con un balc\u00f3n directo al Mar Mediterr\u00e1neo como aperitivo de los \u00faltimos 20 kil\u00f3metros del circuito ciclista.<\/p>\n<p>Os esperamos el pr\u00f3ximo 12 de mayo en nuestro canal de YouTube, d\u00f3nde estaremos en directo dando las pinceladas finales a la que va a ser la gran carrera del a\u00f1o.<\/p>\n<hr \/>\n<p>Para consultar el track de Strava <strong>DEFINITIVO,<\/strong> <a href=\"https:\/\/www.strava.com\/routes\/2758284144754283508\" rel=\"nofollow noopener\" target=\"_blank\">click aqu\u00ed<\/a>.<\/p>\n<p>Asimismo, pod\u00e9is revisar el v\u00eddeo d\u00f3nde analizamos los 3 puertos que anteceder\u00e1n al Alto de Sant Grau el d\u00eda de la carrera:<\/p>\n<div class=\"youtube-embed\" data-video_id=\"mT6YOLktAy0\"><iframe title=\"Circuito ciclista TRADEINN 140.6INN\ud83d\udeb5\ud83c\udffb\u200d\u2640\ufe0f  M\u00edra este video para NO MORIR en el intento \ud83d\ude05\" width=\"696\" height=\"392\" src=\"https:\/\/www.youtube.com\/embed\/mT6YOLktAy0?start=318&#038;feature=oembed\" frameborder=\"0\" allow=\"accelerometer; autoplay; clipboard-write; encrypted-media; gyroscope; picture-in-picture; web-share\" referrerpolicy=\"strict-origin-when-cross-origin\" allowfullscreen><\/iframe><\/div>\n","protected":false},"excerpt":{"rendered":"<p>La organizaci\u00f3n informaba ayer a los inscritos a la primera edici\u00f3n del TRADEINN 140.6INN International Triathlon del nuevo recorrido ciclista El TRADEINN 140.6INN recupera la primera f\u00f3rmula que ten\u00eda planeada para el 30 de mayo. Todos los valientes que se lancen a la aventura que nos tienen preparada en Platja d&#8217;Aro, recib\u00edan ayer la noticia [&hellip;]<\/p>\n","protected":false},"author":309,"featured_media":73842,"comment_status":"closed","ping_status":"closed","sticky":false,"template":"","format":"video","meta":{"_acf_changed":false,"rank_math_lock_modified_date":false,"footnotes":""},"categories":[17],"tags":[7981,8613,8276],"class_list":{"0":"post-73838","1":"post","2":"type-post","3":"status-publish","4":"format-video","5":"has-post-thumbnail","7":"category-actualidad","9":"tag-circuito-campeonato-de-espana-ld","10":"tag-tradeinn-140-6inn","11":"post_format-post-format-video"},"acf":[],"_links":{"self":[{"href":"https:\/\/miurltemporal.com/main/triatletasenred.sport.es\/wp-json\/wp\/v2\/posts\/73838"}],"collection":[{"href":"https:\/\/miurltemporal.com/main/triatletasenred.sport.es\/wp-json\/wp\/v2\/posts"}],"about":[{"href":"https:\/\/miurltemporal.com/main/triatletasenred.sport.es\/wp-json\/wp\/v2\/types\/post"}],"author":[{"embeddable":true,"href":"https:\/\/miurltemporal.com/main/triatletasenred.sport.es\/wp-json\/wp\/v2\/users\/309"}],"replies":[{"embeddable":true,"href":"https:\/\/miurltemporal.com/main/triatletasenred.sport.es\/wp-json\/wp\/v2\/comments?post=73838"}],"version-history":[{"count":0,"href":"https:\/\/miurltemporal.com/main/triatletasenred.sport.es\/wp-json\/wp\/v2\/posts\/73838\/revisions"}],"wp:featuredmedia":[{"embeddable":true,"href":"https:\/\/miurltemporal.com/main/triatletasenred.sport.es\/wp-json\/wp\/v2\/media\/73842"}],"wp:attachment":[{"href":"https:\/\/miurltemporal.com/main/triatletasenred.sport.es\/wp-json\/wp\/v2\/media?parent=73838"}],"wp:term":[{"taxonomy":"category","embeddable":true,"href":"https:\/\/miurltemporal.com/main/triatletasenred.sport.es\/wp-json\/wp\/v2\/categories?post=73838"},{"taxonomy":"post_tag","embeddable":true,"href":"https:\/\/miurltemporal.com/main/triatletasenred.sport.es\/wp-json\/wp\/v2\/tags?post=73838"}],"curies":[{"name":"wp","href":"https:\/\/api.w.org\/{rel}","templated":true}]}}