{"id":73366,"date":"2021-04-12T07:00:44","date_gmt":"2021-04-12T05:00:44","guid":{"rendered":"https:\/\/miurltemporal.com/main/triatletasenred.sport.es\/?p=73366"},"modified":"2021-04-12T09:06:23","modified_gmt":"2021-04-12T07:06:23","slug":"sanders-sube-el-liston-mundial-de-nivel-tras-su-victoria-en-texas","status":"publish","type":"post","link":"https:\/\/miurltemporal.com/main/triatletasenred.sport.es\/actualidad\/sanders-sube-el-liston-mundial-de-nivel-tras-su-victoria-en-texas\/","title":{"rendered":"Sanders sube el list\u00f3n mundial de nivel tras su victoria en Texas"},"content":{"rendered":"<h3>El canadiense demuestra que a d\u00eda de hoy, se requiere el mismo nivel en las carreras sin drafting que en la ITU si se quiere ganar<\/h3>\n<p><\/a><\/p>\n<p>El circuito ITU dejar\u00e1 de ser la \u00fanica &#8216;F\u00f3rmula 1&#8217; del triatl\u00f3n.<\/p>\n<p>Hasta ahora, ten\u00eda cierto pase. Se hablaba mucho de que los triatletas que no val\u00edan para las carreras sprint y ol\u00edmpicas -que requieren un elevado ritmo de nataci\u00f3n y un <em>pedigree<\/em> a pie innegable- pod\u00edan rascar algo en MD o LD si mejoraban su bici.<\/p>\n<p>Ya no es as\u00ed. No s\u00f3lo con la machada de <strong>Sanders<\/strong> (que por cierto ya no nada tan mal) sino porque tenemos a bichos como <strong>Sam Long<\/strong> que vuelan a 45 km\/h con el &#8220;peor viento de cara que he sufrido nunca&#8221; moviendo m\u00e1s de 330w y luego corren una media marat\u00f3n a 3:21\/km.<\/p>\n<p>A pocos les valdr\u00e1 el juego de alargar ampliar el volumen en bici para preparar una carrera de media distancia, ya que el nivel medio est\u00e1 subiendo mucho, y ya hay deportistas que crecen especializados en este tipo de carreras.<\/p>\n<p>Un perfil de triatletas que son capaces de acumular barbaridades en sus piernas a unos ritmos m\u00e1s bajos, pero que el d\u00eda D les permiten ser mucho m\u00e1s consistentes en un formato de carreras que a\u00f1os antes se corr\u00eda a la expectativa de &#8220;sobrevivir al ritmo&#8221;.<\/p>\n<p><strong>Sanders<\/strong> conseguir\u00eda su triplete en Galveston (2015, 2016 y 2021) despu\u00e9s de dejarse &#8216;s\u00f3lo&#8217; 1&#8217;37&#8221; en el agua con <strong>Ben Kanute <\/strong>&#8211; en Miami se dej\u00f3 2&#8217;10&#8221; con <strong>Frodeno<\/strong>&#8211; y aprovecharse del fuerte viento para que nadie se moviera de un primer grupo d\u00f3nde mantuvo el control en todo momento.<\/p>\n<p><strong>Long<\/strong> trabajar\u00eda en solitario para enlazar la cabeza en bici, despu\u00e9s de ceder 3&#8217;27&#8221; en el agua, algo que \u00e9l reconoce como inaceptable despu\u00e9s del trabajo realizado en la piscina.<\/p>\n<p>A pesar de mostrarse muy s\u00f3lido a pie durante los primeros 10km, el estadounidense se ver\u00eda doblegado por el empuje de <strong>Sanders,<\/strong> que volar\u00eda a 3:17\/km para llevarse el triunfo por delante de <strong>Kanute,<\/strong> que pasar\u00eda a <strong>Long<\/strong> en el \u00faltimo kil\u00f3metro, entrando ambos a m\u00e1s de un minuto del de Canyon.<\/p>\n<p>Resultados masculinos, <a href=\"https:\/\/track.rtrt.me\/e\/IRM-TEXAS703-2021#\/leaderboard\/pro-men-pro-men-pro-men-ironman703\/RUN15\" rel=\"nofollow noopener\" target=\"_blank\">aqu\u00ed<\/a>.<\/p>\n<hr \/>\n<h3>F\u00e9minas<\/h3>\n<p>En categor\u00eda femenina no hubo sorpresas.<\/p>\n<p><strong>Lauren Brandon<\/strong> liderar\u00eda la nataci\u00f3n con mucho margen sobre la local <strong>Rachel<\/strong>\u00a0<strong>Olson<\/strong> y la brasile\u00f1a <strong>Pamella Oliveira<\/strong> saliendo a 41&#8243;.<\/p>\n<p>Sin embargo, ser\u00eda sobre las dos ruedas d\u00f3nde <strong>Kimberly Morrison<\/strong> se abrir\u00eda paso hasta el frente de la carrera, llev\u00e1ndose consigo hasta los primeros puestos a <strong>Dede Griesbauer <\/strong>y\u00a0<strong>Skye Moench &#8211;<\/strong>actual campeona de Europa de IRONMAN-.<\/p>\n<p>Ya en el tramo a pie, <strong>Moench<\/strong> sentenciar\u00eda la carrera al paso por el ecuador de los 21km, llev\u00e1ndose la victoria en 4:10:01. La defensora del t\u00edtulo <strong>Jeanni Metzler <\/strong>firmar\u00eda un parcial a pie de 1h15&#8242; -al nivel de los hombres- para entrar segunda en meta, dejando a Sophie Watts en el 3r puesto.<\/p>\n<hr \/>\n<p>https:\/\/www.youtube.com\/watch?v=z-BV9eqAa2U&#038;t=1383s&#038;ab_channel=CanaldeTRIATL%C3%93NdeTRIATLETASENREDenYOUTUBE<\/p>\n","protected":false},"excerpt":{"rendered":"<p>El canadiense demuestra que a d\u00eda de hoy, se requiere el mismo nivel en las carreras sin drafting que en la ITU si se quiere ganar El circuito ITU dejar\u00e1 de ser la \u00fanica &#8216;F\u00f3rmula 1&#8217; del triatl\u00f3n. Hasta ahora, ten\u00eda cierto pase. Se hablaba mucho de que los triatletas que no val\u00edan para las [&hellip;]<\/p>\n","protected":false},"author":309,"featured_media":73367,"comment_status":"closed","ping_status":"closed","sticky":false,"template":"","format":"standard","meta":{"_acf_changed":false,"rank_math_lock_modified_date":false,"footnotes":""},"categories":[17],"tags":[8543,5178,8544],"class_list":{"0":"post-73366","1":"post","2":"type-post","3":"status-publish","4":"format-standard","5":"has-post-thumbnail","7":"category-actualidad","8":"tag-70-3-texas","9":"tag-lionel-sanders","10":"tag-nivel-triatletas-sin-drafting"},"acf":[],"_links":{"self":[{"href":"https:\/\/miurltemporal.com/main/triatletasenred.sport.es\/wp-json\/wp\/v2\/posts\/73366"}],"collection":[{"href":"https:\/\/miurltemporal.com/main/triatletasenred.sport.es\/wp-json\/wp\/v2\/posts"}],"about":[{"href":"https:\/\/miurltemporal.com/main/triatletasenred.sport.es\/wp-json\/wp\/v2\/types\/post"}],"author":[{"embeddable":true,"href":"https:\/\/miurltemporal.com/main/triatletasenred.sport.es\/wp-json\/wp\/v2\/users\/309"}],"replies":[{"embeddable":true,"href":"https:\/\/miurltemporal.com/main/triatletasenred.sport.es\/wp-json\/wp\/v2\/comments?post=73366"}],"version-history":[{"count":0,"href":"https:\/\/miurltemporal.com/main/triatletasenred.sport.es\/wp-json\/wp\/v2\/posts\/73366\/revisions"}],"wp:featuredmedia":[{"embeddable":true,"href":"https:\/\/miurltemporal.com/main/triatletasenred.sport.es\/wp-json\/wp\/v2\/media\/73367"}],"wp:attachment":[{"href":"https:\/\/miurltemporal.com/main/triatletasenred.sport.es\/wp-json\/wp\/v2\/media?parent=73366"}],"wp:term":[{"taxonomy":"category","embeddable":true,"href":"https:\/\/miurltemporal.com/main/triatletasenred.sport.es\/wp-json\/wp\/v2\/categories?post=73366"},{"taxonomy":"post_tag","embeddable":true,"href":"https:\/\/miurltemporal.com/main/triatletasenred.sport.es\/wp-json\/wp\/v2\/tags?post=73366"}],"curies":[{"name":"wp","href":"https:\/\/api.w.org\/{rel}","templated":true}]}}