{"id":73352,"date":"2021-04-11T21:40:50","date_gmt":"2021-04-11T19:40:50","guid":{"rendered":"https:\/\/miurltemporal.com/main/triatletasenred.sport.es\/?p=73352"},"modified":"2021-04-11T21:43:34","modified_gmt":"2021-04-11T19:43:34","slug":"portocolom-abre-la-lata-del-triatlon-en-europa","status":"publish","type":"post","link":"https:\/\/miurltemporal.com/main/triatletasenred.sport.es\/actualidad\/portocolom-abre-la-lata-del-triatlon-en-europa\/","title":{"rendered":"Portocolom abre la lata del triatl\u00f3n en Europa"},"content":{"rendered":"<p style=\"text-align: justify;\">Esta ma\u00f1ana se ha disputado el<strong> Triahtlon de Portocolom en Mallorca<\/strong> en dos distancias diferentes, de <strong>111 kil\u00f3metros<\/strong> y\u00a0<strong>55.5 kil\u00f3metros.<\/strong> El triatleta mallorqu\u00edn <strong>Joan Nadal <\/strong>y la austr\u00edaca<strong> Simone Kumhofer<\/strong> han liderado la carrera de 111 km hasta hacerse con la victoria en la distancia m\u00e1s larga.<\/p>\n<p style=\"text-align: justify;\"><a href=\"https:\/\/zone3.es\/\" rel=\"nofollow noopener\" target=\"_blank\"><img fetchpriority=\"high\" decoding=\"async\" class=\"alignnone size-full wp-image-66903\" src=\"https:\/\/miurltemporal.com/main/triatletasenred.sport.es\/wp-content\/uploads\/Banner-Zone3-746x149px.gif\" alt=\"\" width=\"746\" height=\"149\" \/><\/a><\/p>\n<p style=\"text-align: justify;\">M\u00e1s de <strong>300 deportistas de 10 nacionalidades distintas<\/strong> se han reunido hoy en uno de los <strong>mayores puertos naturales<\/strong> de Mallorca, <strong>Portocolom<\/strong>, a\u00a0solo once kil\u00f3metros de la villa a la que pertenece, Felanitx, y a unos 60 km de Palma de Mallorca, para disputar la\u00a0<strong>23 edici\u00f3n del Triathlon de Portocolom.\u00a0<\/strong><\/p>\n<h2><strong>Abriendo puertas a la esperanza\u00a0<\/strong><\/h2>\n<p style=\"text-align: justify;\">Ese a\u00f1o agradecemos la organizaci\u00f3n a<strong>\u00a0Kumulus Mallorca<\/strong> y el<strong> Club Triatl\u00f3 Portocolom<\/strong>, con el apoyo del <strong>Ayuntamiento de Felanitx<\/strong> y la <strong>Fundaci\u00f3n Mallorca Turismo,\u00a0<\/strong>que han hecho posible la realizaci\u00f3n de esta competici\u00f3n internacional y han\u00a0asegurado l<strong>a m\u00e1xima \u00a0seguridad de los participantes y organizadores<\/strong> cumpliendo en todo momento la normativa vigente.<\/p>\n<p>La organizaci\u00f3n del evento ha aplicado todos los <strong>protocolos de sanidad y normativa<\/strong> de la federaci\u00f3n de triatl\u00f3n de las Islas Baleares, cumpliendo con <strong>todos los requisitos sanitarios<\/strong> para los participantes, voluntarios, espectadores y vecinos de Portocolom y Felanitx. Sin duda, <strong>este evento ha marcado un antes y un despu\u00e9s<\/strong>, abri\u00e9ndonos a todos los deportistas y amantes del triatl\u00f3n<strong> una ventana de esperanza<\/strong> hacia <strong>un futuro prometedor.\u00a0<\/strong><\/p>\n<h2><strong>Ganadores de esta 23 edici\u00f3n del Triathlon de Portocolom: Cuatro p\u00f3diums muy internacionales\u00a0<\/strong><\/h2>\n<p style=\"text-align: justify;\">En la distancia de <strong>111 kil\u00f3metros<\/strong> el aut\u00f3ctono triatleta mallorqu\u00edn <strong>Joan Nadal<\/strong> ha conseguido su primera y muy ansiada victoria en Portocolom despu\u00e9s de haber participado en numerosas ediciones pasadas. El ganador local ha mantenido a lo largo de la carrera una muy luchada segunda posici\u00f3n, a muy poca distancia del austr\u00edaco\u00a0<span lang=\"ES\"><strong>Christoph Schlagbauer<\/strong>, que lideraba el pelot\u00f3n. <strong>Nadal<\/strong> ha podido esprintar en los \u00faltimos kil\u00f3metros hasta <strong>remontar a la primera posici\u00f3n<\/strong> y coronarse <strong>campe\u00f3n de la edici\u00f3n 2021 de Portocolom en la cl\u00e1sica distancia de 111.<\/strong><\/span><\/p>\n<p style=\"text-align: justify;\"><span lang=\"ES\"> Por otro lado, la austr\u00edaca <strong>Simone Kumhofer<\/strong> ha conseguido la medalla de oro femenina en esta misma distancia &#8211; que participaba por primera vez-, liderando desde el inicio. La triatleta ha aguantado la primera posici\u00f3n hasta la l\u00ednea de meta logrando un tiempo de\u00a0<\/span><span lang=\"ES\"><strong>4 horas, 8 minutos y 30 segundos<\/strong>, ubicada en el Club N\u00e0utic de la localidad de Portocolom.<\/span><\/p>\n<p><img decoding=\"async\" class=\"alignnone size-full wp-image-73354\" src=\"https:\/\/miurltemporal.com/main/triatletasenred.sport.es\/wp-content\/uploads\/triathlon-portocolom-2021-victorias-joan-nadal-austriaca-kumhofer.jpg\" alt=\"\" width=\"685\" height=\"1028\" srcset=\"https:\/\/miurltemporal.com/main/triatletasenred.sport.es\/wp-content\/uploads\/triathlon-portocolom-2021-victorias-joan-nadal-austriaca-kumhofer.jpg 685w, https:\/\/miurltemporal.com/main/triatletasenred.sport.es\/wp-content\/uploads\/triathlon-portocolom-2021-victorias-joan-nadal-austriaca-kumhofer-200x300.jpg 200w, https:\/\/miurltemporal.com/main/triatletasenred.sport.es\/wp-content\/uploads\/triathlon-portocolom-2021-victorias-joan-nadal-austriaca-kumhofer-682x1024.jpg 682w, https:\/\/miurltemporal.com/main/triatletasenred.sport.es\/wp-content\/uploads\/triathlon-portocolom-2021-victorias-joan-nadal-austriaca-kumhofer-280x420.jpg 280w\" sizes=\"(max-width: 685px) 100vw, 685px\" \/><\/p>\n<p style=\"text-align: justify;\">En la distancia de<strong> 55.5<\/strong> se ha hecho con la victoria la espa\u00f1ola<strong> Y\u00e9ssica P\u00e9rez<\/strong>, logrando un tiempo de 2<strong> horas, 12 minutos y siete segundos.<\/strong> La segunda posici\u00f3n es para Marta Gonz\u00e1lez, seguida de la alemana Lila Alvarado.<\/p>\n<p style=\"text-align: justify;\">Por otro lado, el triatleta suizo <strong>Adrian Haller<\/strong> es el campe\u00f3n de la <strong>distancia 55.5<\/strong>. Despu\u00e9s han llegado Jari Claes, tambi\u00e9n de nacionalidad suiza, y Chris Nindl, en segundo y tercer lugar respectivamente. <strong>Un podio totalmente internacional en el 55.5 masculino<\/strong>, presente en esta vig\u00e9simotercera edici\u00f3n del Triathlon Portocolom.<\/p>\n<h3><strong>P\u00f3dium en la Distancia 111\u00a0<\/strong><\/h3>\n<h4><strong>P\u00f3dium masculino<\/strong><\/h4>\n<ol>\n<li>Joan Nadal Clar. Tiempo: 3:47:55<\/li>\n<li>Christoph Schlagbauer. Tiempo: 3:50:47<\/li>\n<li>\u00a0Samuel H\u00fcrzeler. Tiempo: 3:55:17<\/li>\n<\/ol>\n<h4><strong>P\u00f3dium femenino<\/strong><\/h4>\n<ol>\n<li>Simone Kumhofer. Tiempo: 4:08:30<\/li>\n<li>Sara Jarillo Lopez. Tiempo: 4:46:40<\/li>\n<li>Susana Sevillano Ar\u00e9valo. Tiempo: 4:50:54<\/li>\n<\/ol>\n<h3><strong>P\u00f3dium en la Distancia 55.5<\/strong><\/h3>\n<h4><strong>P\u00f3dium masculino<\/strong><\/h4>\n<ol>\n<li>Adrian Haller: 1:51:44<\/li>\n<li>Jari Claes. Tiempo: 1:56:37<\/li>\n<li>Chris Nindl. Tiempo: 1:58:26<\/li>\n<\/ol>\n<h4><strong>P\u00f3dium femenino<\/strong><\/h4>\n<ol>\n<li>Y\u00e9ssica Perez Torrente.Tiempo: 2:12:17<\/li>\n<li>Marta Gonzalez Freire. Tiempo: 2:26:32<\/li>\n<li>Lila Alvarado. Tiempo: 2:27:12<\/li>\n<\/ol>\n<p style=\"text-align: center;\"><iframe title=\"YouTube video player\" src=\"https:\/\/www.youtube.com\/embed\/c-OMsEgLL10\" width=\"560\" height=\"315\" frameborder=\"0\" allowfullscreen=\"allowfullscreen\"><\/iframe><\/p>\n","protected":false},"excerpt":{"rendered":"<p>Se ha disputado el Triahtlon de Portocolom en Mallorca en dos distancias diferentes con ganadores de lo m\u00e1s internacionales.<\/p>\n","protected":false},"author":315,"featured_media":73355,"comment_status":"closed","ping_status":"closed","sticky":false,"template":"","format":"standard","meta":{"_acf_changed":false,"rank_math_lock_modified_date":false,"footnotes":""},"categories":[17,16],"tags":[6807,8197],"class_list":{"0":"post-73352","1":"post","2":"type-post","3":"status-publish","4":"format-standard","5":"has-post-thumbnail","7":"category-actualidad","8":"category-en-red","9":"tag-triathlon-de-portocolom","10":"tag-triathlon-portocolom-2021"},"acf":[],"_links":{"self":[{"href":"https:\/\/miurltemporal.com/main/triatletasenred.sport.es\/wp-json\/wp\/v2\/posts\/73352"}],"collection":[{"href":"https:\/\/miurltemporal.com/main/triatletasenred.sport.es\/wp-json\/wp\/v2\/posts"}],"about":[{"href":"https:\/\/miurltemporal.com/main/triatletasenred.sport.es\/wp-json\/wp\/v2\/types\/post"}],"author":[{"embeddable":true,"href":"https:\/\/miurltemporal.com/main/triatletasenred.sport.es\/wp-json\/wp\/v2\/users\/315"}],"replies":[{"embeddable":true,"href":"https:\/\/miurltemporal.com/main/triatletasenred.sport.es\/wp-json\/wp\/v2\/comments?post=73352"}],"version-history":[{"count":0,"href":"https:\/\/miurltemporal.com/main/triatletasenred.sport.es\/wp-json\/wp\/v2\/posts\/73352\/revisions"}],"wp:featuredmedia":[{"embeddable":true,"href":"https:\/\/miurltemporal.com/main/triatletasenred.sport.es\/wp-json\/wp\/v2\/media\/73355"}],"wp:attachment":[{"href":"https:\/\/miurltemporal.com/main/triatletasenred.sport.es\/wp-json\/wp\/v2\/media?parent=73352"}],"wp:term":[{"taxonomy":"category","embeddable":true,"href":"https:\/\/miurltemporal.com/main/triatletasenred.sport.es\/wp-json\/wp\/v2\/categories?post=73352"},{"taxonomy":"post_tag","embeddable":true,"href":"https:\/\/miurltemporal.com/main/triatletasenred.sport.es\/wp-json\/wp\/v2\/tags?post=73352"}],"curies":[{"name":"wp","href":"https:\/\/api.w.org\/{rel}","templated":true}]}}