{"id":73343,"date":"2021-04-11T16:07:38","date_gmt":"2021-04-11T14:07:38","guid":{"rendered":"https:\/\/miurltemporal.com/main/triatletasenred.sport.es\/?p=73343"},"modified":"2021-04-11T16:08:04","modified_gmt":"2021-04-11T14:08:04","slug":"emilio-martin-y-sara-guerrero-ganan-el-campeonato-de-espana-de-duatlon","status":"publish","type":"post","link":"https:\/\/miurltemporal.com/main/triatletasenred.sport.es\/actualidad\/emilio-martin-y-sara-guerrero-ganan-el-campeonato-de-espana-de-duatlon\/","title":{"rendered":"Emilio Mart\u00edn y Sara Guerrero ganan el Campeonato de Espa\u00f1a de Duatl\u00f3n"},"content":{"rendered":"<h3>A pesar de no ser su formato predilecto, ambos favoritos se han impuesto gracias a que han completado una carrera muy equilibrada<\/h3>\n<p><\/a><\/p>\n<p>El d\u00eda amanec\u00eda tapado en Avil\u00e9s, aunque c\u00f3mo ocurr\u00eda ayer las temperaturas ser\u00edan id\u00f3neas para correr, pese a que en bici el recorrido se encontrara ligeramente h\u00famedo para los primeros participantes.<\/p>\n<p>Salida en formato contrarreloj, con diferencias de 30&#8243; entre cada atleta.<\/p>\n<h3>Hombres<\/h3>\n<p><strong>Emilio Mart\u00edn<\/strong> conseguir\u00eda su s\u00e9ptimo Campeonato Nacional, repitiendo victoria en Avil\u00e9s por segunda vez consecutiva -la \u00faltima edici\u00f3n se celebr\u00f3 en 2018- e imponi\u00e9ndose al gran favorito <strong>Gen\u00eds Grau.<\/strong><\/p>\n<p>El onubense se valdr\u00eda de sus tablas en el sector ciclista para afianzar un buen primer sector de carrera a pie, que lo dejar\u00eda con uno de los mejores parciales antes de subirse a la bicicleta.<\/p>\n<p><strong>Gen\u00eds Grau, y Fernando Zorrilla<\/strong> se bajar\u00edan en la T2 con diferencias muy apretadas, despu\u00e9s de que <strong>Zorrilla<\/strong> volara sobre los 21km de ciclismo, en los que vuelve a demostrar sus actuaciones en Bilbao, Soria y Berlanga.<\/p>\n<p>Otros duatletas que igualmente han realizado un gran parcial sobre las dos ruedas han sido <strong>Enrique Fern\u00e1ndez<\/strong> (4\u00ba en meta) y <strong>Diego M\u00e9ntrida<\/strong> (5\u00ba en meta)<\/p>\n<p><strong>Emilio<\/strong> se encargar\u00eda de rematar la faena en el \u00faltimo tramo a pie, con <strong>Gen\u00eds Grau<\/strong> pis\u00e1ndole los talones -figuradamente, ya que entraron en meta con m\u00e1s de 30 minutos de diferencia- y entrando en 2\u00aa posici\u00f3n a escasos 9 segundos.<\/p>\n<p>El tercer puesto estar\u00eda igual de re\u00f1ido, aunque finalmente ser\u00eda <strong>Fernando Zorrilla<\/strong> el que se impondr\u00eda para cerrar el podio.<\/p>\n<p><strong>Urko Herr\u00e1n<\/strong> ser\u00eda 6\u00ba, <strong>Igor Bellido<\/strong> 7\u00ba, <strong>Kevin Tarek<\/strong> 8\u00ba, <strong>Esteban Basanta<\/strong> 9\u00ba y <strong>Javier Mart\u00edn<\/strong> cerrar\u00eda el top 10.<\/p>\n<h3>Mujeres<\/h3>\n<p>La categor\u00eda femenina se encargar\u00eda de cerrar el Campeonato, con grandes sorpresas en la general.<\/p>\n<p>Todo parec\u00eda indicar que <strong>Pintanel<\/strong> y <strong>Godoy<\/strong> se iban a jugar el t\u00edtulo, aunque <strong>Sara Guerrero<\/strong> ha firmado hoy uno de los recitales ciclistas m\u00e1s bestias que se recuerdan en la disciplina, logrando su primer t\u00edtulo en duatl\u00f3n.<\/p>\n<p><strong>Marta Pintanel, Sonia Bejarano<\/strong> y <strong>Paula Herrero<\/strong> marcar\u00edan los mejores parciales en el primer sector de carrera,<\/p>\n<p>En bici, todo cambiar\u00eda, con <strong>Sara Guerrero<\/strong> entrando de lleno a la batalla, meti\u00e9ndole un minuto a la segunda mejor ciclista, <strong>Mar\u00eda<\/strong>\u00a0<strong>Varo,<\/strong> qui\u00e9n habr\u00eda marcado igualmente un buen parcial a pie.<\/p>\n<p>A <strong>Guerrero<\/strong> le valdr\u00eda con dicha actuaci\u00f3n para aguantar el primer puesto hasta meta, con <strong>Mar\u00eda Varo<\/strong> entrando s\u00f3lo a 2 segundos, luego de una buena T2.<\/p>\n<p><strong>Pintanel<\/strong> ser\u00eda la \u00fanica de las atletas en resistir la embestida de las super ciclistas, y ser\u00eda bronce.<\/p>\n<p>Por detr\u00e1s, las buenas rodadoras ver\u00edan su recompensa con <strong>Xisca Tous<\/strong> entrando 4\u00aa, <strong>Noelia Juan<\/strong> 5\u00aa, <strong>Eva Ledesma<\/strong> 6\u00aa, <strong>Marina Mu\u00f1oz<\/strong> 7\u00aa, <strong>Anna Godoy<\/strong> 8\u00aa, <strong>Sonia Bejarano<\/strong> 9\u00aa y <strong>Marta Cabello<\/strong> cerrando el top 10.<\/p>\n<hr \/>\n<div class=\"youtube-embed\" data-video_id=\"mT6YOLktAy0\"><iframe title=\"Circuito ciclista TRADEINN 140.6INN\ud83d\udeb5\ud83c\udffb\u200d\u2640\ufe0f  M\u00edra este video para NO MORIR en el intento \ud83d\ude05\" width=\"696\" height=\"392\" src=\"https:\/\/www.youtube.com\/embed\/mT6YOLktAy0?start=482&#038;feature=oembed\" frameborder=\"0\" allow=\"accelerometer; autoplay; clipboard-write; encrypted-media; gyroscope; picture-in-picture; web-share\" referrerpolicy=\"strict-origin-when-cross-origin\" allowfullscreen><\/iframe><\/div>\n","protected":false},"excerpt":{"rendered":"<p>A pesar de no ser su formato predilecto, ambos favoritos se han impuesto gracias a que han completado una carrera muy equilibrada El d\u00eda amanec\u00eda tapado en Avil\u00e9s, aunque c\u00f3mo ocurr\u00eda ayer las temperaturas ser\u00edan id\u00f3neas para correr, pese a que en bici el recorrido se encontrara ligeramente h\u00famedo para los primeros participantes. Salida en [&hellip;]<\/p>\n","protected":false},"author":309,"featured_media":73345,"comment_status":"closed","ping_status":"closed","sticky":false,"template":"","format":"standard","meta":{"_acf_changed":false,"rank_math_lock_modified_date":false,"footnotes":""},"categories":[17,19],"tags":[1970,8541,2562,7151],"class_list":{"0":"post-73343","1":"post","2":"type-post","3":"status-publish","4":"format-standard","5":"has-post-thumbnail","7":"category-actualidad","8":"category-competiciones","10":"tag-campeonato-de-espana-duatlon","11":"tag-emilio-martin","12":"tag-sara-guerrero"},"acf":[],"_links":{"self":[{"href":"https:\/\/miurltemporal.com/main/triatletasenred.sport.es\/wp-json\/wp\/v2\/posts\/73343"}],"collection":[{"href":"https:\/\/miurltemporal.com/main/triatletasenred.sport.es\/wp-json\/wp\/v2\/posts"}],"about":[{"href":"https:\/\/miurltemporal.com/main/triatletasenred.sport.es\/wp-json\/wp\/v2\/types\/post"}],"author":[{"embeddable":true,"href":"https:\/\/miurltemporal.com/main/triatletasenred.sport.es\/wp-json\/wp\/v2\/users\/309"}],"replies":[{"embeddable":true,"href":"https:\/\/miurltemporal.com/main/triatletasenred.sport.es\/wp-json\/wp\/v2\/comments?post=73343"}],"version-history":[{"count":0,"href":"https:\/\/miurltemporal.com/main/triatletasenred.sport.es\/wp-json\/wp\/v2\/posts\/73343\/revisions"}],"wp:featuredmedia":[{"embeddable":true,"href":"https:\/\/miurltemporal.com/main/triatletasenred.sport.es\/wp-json\/wp\/v2\/media\/73345"}],"wp:attachment":[{"href":"https:\/\/miurltemporal.com/main/triatletasenred.sport.es\/wp-json\/wp\/v2\/media?parent=73343"}],"wp:term":[{"taxonomy":"category","embeddable":true,"href":"https:\/\/miurltemporal.com/main/triatletasenred.sport.es\/wp-json\/wp\/v2\/categories?post=73343"},{"taxonomy":"post_tag","embeddable":true,"href":"https:\/\/miurltemporal.com/main/triatletasenred.sport.es\/wp-json\/wp\/v2\/tags?post=73343"}],"curies":[{"name":"wp","href":"https:\/\/api.w.org\/{rel}","templated":true}]}}