{"id":73329,"date":"2021-04-10T21:37:24","date_gmt":"2021-04-10T19:37:24","guid":{"rendered":"https:\/\/miurltemporal.com/main/triatletasenred.sport.es\/?p=73329"},"modified":"2021-04-10T21:37:24","modified_gmt":"2021-04-10T19:37:24","slug":"ya-se-conocen-los-primeros-campeones-de-espana-de-duatlon-en-aviles","status":"publish","type":"post","link":"https:\/\/miurltemporal.com/main/triatletasenred.sport.es\/actualidad\/ya-se-conocen-los-primeros-campeones-de-espana-de-duatlon-en-aviles\/","title":{"rendered":"Ya se conocen los primeros Campeones de Espa\u00f1a de Duatl\u00f3n en Avil\u00e9s"},"content":{"rendered":"<h3>Los Cadetes, Juveniles, Juniors y los paratriatletas ya han pugando por sus respectivos Campeonatos, demostrando la buena salud del duatl\u00f3n nacional<\/h3>\n<p><\/a><\/p>\n<p>El formato contrarreloj volv\u00eda a ser el protagonista de todas las salidas que se han tomado esta ma\u00f1ana en Avil\u00e9s.<\/p>\n<p>Un d\u00eda tapado pero que daba pie a unas temperaturas muy agradables para la pr\u00e1ctica de esta disciplina.<\/p>\n<p>Dada la exigencia individual que requieren las carreras sin drafting, las distancias se han visto reducidas dr\u00e1sticamente, dando lugar a resultados muy apretados.<\/p>\n<p>En este caso, los circuitos eran de 2km a pie, seguidos de 6,6km de ciclismo y 1km a pie final, y las salidas se dar\u00edan cada 15&#8243;<\/p>\n<h3>Cadete<\/h3>\n<p>Los m\u00e1s j\u00f3venes del triatl\u00f3n nacional han sido los primeros en escuchar el pistoletazo de salida. Duatletas de entre 14 y 15 a\u00f1os se daban cita en el Centro Niemeyer, epicentro del Campeonato este fin de semana.<\/p>\n<p>La gran afluencia de participantes ha dado pie a unos parciales muy r\u00e1pidos por parte de todos los cadetes, cuyo top 20 ha calcado pr\u00e1cticamente los tiempos de los juveniles.<\/p>\n<p>En categor\u00eda femenina, la campeona ser\u00eda <strong>Eva Mar\u00eda S\u00e1nchez\u00a0<\/strong>con 24:19, abriendo una diferencia de 19&#8243; sobre <strong>Sara Moreno<\/strong>, segunda clasificada, que a su vez se impon\u00eda por delante de <strong>Luc\u00eda Pi\u00f1\u00f3n,\u00a0<\/strong>que cerraba el podio con 24:50. El 4\u00ba y el 5\u00ba puesto se decidir\u00edan por menos de 6&#8243;.<\/p>\n<p>https:\/\/twitter.com\/TRIATLONSP\/status\/1380833040633581576<\/p>\n<p><strong>H\u00e9ctor Tolsa<\/strong> ser\u00eda el m\u00e1s r\u00e1pido en hombres, dando un verdadero recital y logrando un crono de 21:10.<strong> Francisco Javier Rico\u00a0<\/strong>se llevar\u00eda el subcampeonato entrando en meta con 21:46, mientras que <strong>Lucas Garc\u00eda\u00a0<\/strong>lograr\u00eda el bronce con 22:05, con el top 5 a menos de 4 segundos por detr\u00e1s.<\/p>\n<p>https:\/\/twitter.com\/TRIATLONSP\/status\/1380822298488356865<\/p>\n<h3>Juvenil<\/h3>\n<p>La categor\u00eda debutante en esta temporada, que comprende las edades entre los 16 y los 17 a\u00f1os, reunir\u00eda<\/p>\n<p><strong>Elena Viejo,<\/strong> del Triatl\u00f3n Las Rozas, se proclamar\u00eda Campeona de Espa\u00f1a con un margen enorme de diferencia sobre sus dos compa\u00f1eras de podio, llegando a meta con 24:12.<\/p>\n<p>La madrile\u00f1a se impondr\u00eda por delante de <strong>Nieves Navarro,<\/strong> que se har\u00eda con la plata por delante de <strong>Ainoa Gontan,\u00a0<\/strong>con un crono de 25:01 y 25:08 respectivamente. El 4\u00ba y el 6\u00ba estar\u00edan tan solo separados por 2 segundos.<\/p>\n<p>https:\/\/twitter.com\/TRIATLONSP\/status\/1380875487854141446<\/p>\n<p><strong>Pelayo Gonz\u00e1lez,<\/strong> del Diablillos de Rivas, lograr\u00eda el doblete para el club junto a <strong>Miguel Blanco.\u00a0<\/strong>Ambos se valdr\u00edan de un buen parcial en bici para entrar c\u00f3mo Campe\u00f3n y Subcampe\u00f3n de Espa\u00f1a, con 21:19 y 21:42 respectivamente. <strong>Jaime Bueno<\/strong> completar\u00eda el podio con 21:57.<\/p>\n<p>https:\/\/twitter.com\/TRIATLONSP\/status\/1380846493578493953<\/p>\n<h3>Junior<\/h3>\n<p>Los mayores -18 y 19 a\u00f1os- se disputar\u00edan el cetro nacional en dos eliminatorias, semifinal y final, separadas por 2 horas entre s\u00ed.<\/p>\n<p>La fase previa dejar\u00eda a los 50 mejores hombres y mujeres en la final, coronando a <strong>Helena Moragas<\/strong> (Cidade de Lugo Fluvial) y a <strong>Juan Gonz\u00e1lez<\/strong> (Flor de Triatl\u00f3) como nuevos Campeones de Espa\u00f1a de Duatl\u00f3n, abriendo una amplia diferencia con los segundos clasificados, con 23:31 y 21:42.<\/p>\n<p>https:\/\/twitter.com\/TRIATLONSP\/status\/1380926369312428035<\/p>\n<p><strong>Mar\u00eda Casals<\/strong> -compa\u00f1era de entrenamientos de <strong>Moragas<\/strong> en el CAR de Sant Cugat- y <strong>Jorge Figueras,\u00a0<\/strong>se har\u00edan con la plata. Sus cronos ser\u00edan de 24:05 y 22:04.<\/p>\n<blockquote class=\"twitter-tweet\" data-width=\"550\" data-dnt=\"true\">\n<p lang=\"pt\" dir=\"ltr\"><a href=\"https:\/\/twitter.com\/hashtag\/p%C3%B3dium?src=hash&amp;ref_src=twsrc%5Etfw\" rel=\"nofollow noopener\" target=\"_blank\">#p\u00f3dium<\/a> J\u00fanior Masculino Campeonato de <a href=\"https:\/\/twitter.com\/hashtag\/Espa%C3%B1a?src=hash&amp;ref_src=twsrc%5Etfw\" rel=\"nofollow noopener\" target=\"_blank\">#Espa\u00f1a<\/a> <a href=\"https:\/\/twitter.com\/hashtag\/Duatl%C3%B3n?src=hash&amp;ref_src=twsrc%5Etfw\" rel=\"nofollow noopener\" target=\"_blank\">#Duatl\u00f3n<\/a> <a href=\"https:\/\/twitter.com\/hashtag\/Aviles?src=hash&amp;ref_src=twsrc%5Etfw\" rel=\"nofollow noopener\" target=\"_blank\">#Aviles<\/a>  <a href=\"https:\/\/twitter.com\/hashtag\/SomosTriatlon?src=hash&amp;ref_src=twsrc%5Etfw\" rel=\"nofollow noopener\" target=\"_blank\">#SomosTriatlon<\/a> <a href=\"https:\/\/twitter.com\/hashtag\/FETRIAvil%C3%A9s?src=hash&amp;ref_src=twsrc%5Etfw\" rel=\"nofollow noopener\" target=\"_blank\">#FETRIAvil\u00e9s<\/a><a href=\"https:\/\/twitter.com\/deportegob?ref_src=twsrc%5Etfw\" rel=\"nofollow noopener\" target=\"_blank\">@deportegob<\/a> <a href=\"https:\/\/twitter.com\/GOfit_es?ref_src=twsrc%5Etfw\" rel=\"nofollow noopener\" target=\"_blank\">@GOfit_es<\/a> <a href=\"https:\/\/twitter.com\/AytoAviles?ref_src=twsrc%5Etfw\" rel=\"nofollow noopener\" target=\"_blank\">@AytoAviles<\/a> <a href=\"https:\/\/twitter.com\/GobAsturias?ref_src=twsrc%5Etfw\" rel=\"nofollow noopener\" target=\"_blank\">@GobAsturias<\/a><a href=\"https:\/\/twitter.com\/fatriatlon?ref_src=twsrc%5Etfw\" rel=\"nofollow noopener\" target=\"_blank\">@fatriatlon<\/a> <a href=\"https:\/\/t.co\/qognEmTHUF\" rel=\"nofollow\" target=\"_blank\">pic.twitter.com\/qognEmTHUF<\/a><\/p>\n<p>&mdash; FETRI (@TRIATLONSP) <a href=\"https:\/\/twitter.com\/TRIATLONSP\/status\/1380929294285860868?ref_src=twsrc%5Etfw\" rel=\"nofollow noopener\" target=\"_blank\">April 10, 2021<\/a><\/p><\/blockquote>\n<p><script async src=\"https:\/\/platform.twitter.com\/widgets.js\" charset=\"utf-8\"><\/script><\/p>\n<p>El \u00faltimo escalaf\u00f3n del podio lo ocupar\u00edan <strong>Natalia Castro<\/strong> y <strong>Carlos Vizcaino,\u00a0<\/strong>entrando en meta con 24:21 y 22:10.<\/p>\n<h3>Paratriatl\u00f3n<\/h3>\n<p>La primera jornada en Avil\u00e9s la cerrar\u00edan los paratriatletas, con la lluvia haciendo acto de presencia en cada una de las diferentes salidas que comprenden la categor\u00eda.<\/p>\n<p>Este Campeonato, se ha desarrollado bajo la premisa de la Mesa de Clasificaci\u00f3n, que ha evaluado el impacto y el grado de adaptaci\u00f3n que cada deportista requiere, para tratar de hacer una competici\u00f3n m\u00e1s justa.<\/p>\n<p>En el siguiente v\u00eddeo, la FETRI lo explica claramente:<\/p>\n<div class=\"youtube-embed\" data-video_id=\"rPFlIM8n2Vs\"><iframe title=\"Mesa clasificaci\u00f3n Paratriatl\u00f3n Avil\u00e9s 2021\" width=\"696\" height=\"392\" src=\"https:\/\/www.youtube.com\/embed\/rPFlIM8n2Vs?feature=oembed&#038;enablejsapi=1\" frameborder=\"0\" allow=\"accelerometer; autoplay; clipboard-write; encrypted-media; gyroscope; picture-in-picture\" allowfullscreen><\/iframe><\/div>\n<p>M\u00e1s de 30 paratriatletas se encargar\u00edan de poner la guinda al pastel de otro Campeonato de Espa\u00f1a, en la que los vencedores han sido:<\/p>\n<h4>PTWC F<\/h4>\n<p><strong>Eva Mar\u00eda Moral\u00a0<\/strong><\/p>\n<h4>PTWC M<\/h4>\n<p><strong>Jos\u00e9 Crist\u00f3bal Ramos, Higinio Rivero y Manuel Afonso<\/strong><\/p>\n<h4>PTSVI F<\/h4>\n<p><strong>Clara Rold\u00e1n<\/strong><\/p>\n<h4>PTSVI M<\/h4>\n<p><strong>Jos\u00e9 Luis Garc\u00eda, Roberto Suero y Rafael Cabello<\/strong><\/p>\n<h4>PTS2 M<\/h4>\n<p><strong>Lionel Morales, Jos\u00e9 Joaqu\u00edn Mart\u00ednez y Ricardo Mar\u00edn<\/strong><\/p>\n<h4>PTS3 F<\/h4>\n<p><strong>Andrea Miguelez<\/strong><\/p>\n<h4>PTS3 M<\/h4>\n<p><strong>Kini Carrasco y Ra\u00fal Zambrana\u00a0<\/strong><\/p>\n<h4>PTS4 M<\/h4>\n<p><strong>Samuel Rodr\u00edguez, Jorge Orej\u00f3n y Jes\u00fas Miguel S\u00e1nchez<\/strong><\/p>\n<h4>PTS5 F<\/h4>\n<p><strong>Cristina Miranda, Carmen Gonz\u00e1lez y Jose Guimarey\u00a0<\/strong><\/p>\n<h4>PTS5 M<\/h4>\n<p><strong>Rub\u00e9n Mart\u00ednez, Cristian P\u00e9rez y Toni Franco\u00a0<\/strong><\/p>\n<hr \/>\n<div class=\"youtube-embed\" data-video_id=\"mif_l5CzFSE\"><iframe title=\"Nos tomamos un caf\u00e9 \u2615\ufe0f con JAN FRODENO en La Comuna\" width=\"696\" height=\"392\" src=\"https:\/\/www.youtube.com\/embed\/mif_l5CzFSE?start=2&#038;feature=oembed\" frameborder=\"0\" allow=\"accelerometer; autoplay; clipboard-write; encrypted-media; gyroscope; picture-in-picture\" allowfullscreen><\/iframe><\/div>\n","protected":false},"excerpt":{"rendered":"<p>Los Cadetes, Juveniles, Juniors y los paratriatletas ya han pugando por sus respectivos Campeonatos, demostrando la buena salud del duatl\u00f3n nacional El formato contrarreloj volv\u00eda a ser el protagonista de todas las salidas que se han tomado esta ma\u00f1ana en Avil\u00e9s. Un d\u00eda tapado pero que daba pie a unas temperaturas muy agradables para la [&hellip;]<\/p>\n","protected":false},"author":309,"featured_media":73336,"comment_status":"closed","ping_status":"closed","sticky":false,"template":"","format":"standard","meta":{"_acf_changed":false,"rank_math_lock_modified_date":false,"footnotes":""},"categories":[17,19],"tags":[1970,8539,6676,2959,8540,1099],"class_list":{"0":"post-73329","1":"post","2":"type-post","3":"status-publish","4":"format-standard","5":"has-post-thumbnail","7":"category-actualidad","8":"category-competiciones","9":"tag-aviles","11":"tag-campeonato-de-espana-de-duatlon","12":"tag-junior","13":"tag-juvenil","14":"tag-paratriatlon"},"acf":[],"_links":{"self":[{"href":"https:\/\/miurltemporal.com/main/triatletasenred.sport.es\/wp-json\/wp\/v2\/posts\/73329"}],"collection":[{"href":"https:\/\/miurltemporal.com/main/triatletasenred.sport.es\/wp-json\/wp\/v2\/posts"}],"about":[{"href":"https:\/\/miurltemporal.com/main/triatletasenred.sport.es\/wp-json\/wp\/v2\/types\/post"}],"author":[{"embeddable":true,"href":"https:\/\/miurltemporal.com/main/triatletasenred.sport.es\/wp-json\/wp\/v2\/users\/309"}],"replies":[{"embeddable":true,"href":"https:\/\/miurltemporal.com/main/triatletasenred.sport.es\/wp-json\/wp\/v2\/comments?post=73329"}],"version-history":[{"count":0,"href":"https:\/\/miurltemporal.com/main/triatletasenred.sport.es\/wp-json\/wp\/v2\/posts\/73329\/revisions"}],"wp:featuredmedia":[{"embeddable":true,"href":"https:\/\/miurltemporal.com/main/triatletasenred.sport.es\/wp-json\/wp\/v2\/media\/73336"}],"wp:attachment":[{"href":"https:\/\/miurltemporal.com/main/triatletasenred.sport.es\/wp-json\/wp\/v2\/media?parent=73329"}],"wp:term":[{"taxonomy":"category","embeddable":true,"href":"https:\/\/miurltemporal.com/main/triatletasenred.sport.es\/wp-json\/wp\/v2\/categories?post=73329"},{"taxonomy":"post_tag","embeddable":true,"href":"https:\/\/miurltemporal.com/main/triatletasenred.sport.es\/wp-json\/wp\/v2\/tags?post=73329"}],"curies":[{"name":"wp","href":"https:\/\/api.w.org\/{rel}","templated":true}]}}