{"id":73182,"date":"2021-04-02T06:59:11","date_gmt":"2021-04-02T04:59:11","guid":{"rendered":"https:\/\/miurltemporal.com/main/triatletasenred.sport.es\/?p=73182"},"modified":"2021-04-02T02:06:26","modified_gmt":"2021-04-02T00:06:26","slug":"el-equipo-massi-uci-team-visita-las-fabricas-donde-inverse-crea-su-nueva-equipacion-gama-air","status":"publish","type":"post","link":"https:\/\/miurltemporal.com/main/triatletasenred.sport.es\/actualidad\/el-equipo-massi-uci-team-visita-las-fabricas-donde-inverse-crea-su-nueva-equipacion-gama-air\/","title":{"rendered":"El equipo Massi UCI Team visita las f\u00e1bricas donde Inverse crea su nueva equipaci\u00f3n gama AIR"},"content":{"rendered":"<p>D\u00edas antes de su participaci\u00f3n en la Copa Catalana Internacional, el flamante <strong>equipo Massi UCI Team<\/strong> visit\u00f3 las instalaciones de Inverse y pudo comprobar de primera mano c\u00f3mo se ha fabricado su ropa personalizada.\u00a0Este extraordinario equipo vestir\u00e1 esta nueva temporada la <strong><a href=\"https:\/\/www.inverseteams.com\/es\/ropa-de-ciclismo-personalizada\" rel=\"nofollow noopener\" target=\"_blank\">nueva gama AIR de ropa personalizada de ciclismo de Inverse<\/a><\/strong>, una alta <strong>gama de ropa ciclista<\/strong> especialmente <strong>dise\u00f1ada para equipos profesionales y clubs que deseen una alta gama pro.<\/strong><\/p>\n<p><\/a><\/p>\n<p>Los miembros de este extraordinario equipo de MTB profesional que compite internacionalmente fueron <strong>Loana Lecomte, Olivia Onesti, Julie Bresset, Thomas Griot, Joshua Dubau<\/strong> y el director del equipo, <strong>Sebastien Fran\u00e7ois<\/strong>. Los ciclistas pudieron ver de primera mano<strong> cu\u00e1l es el proceso de fabricaci\u00f3n de su propia equipaci\u00f3n ciclista<\/strong>, desde el dise\u00f1o hasta el empaquetado.<\/p>\n<p><img fetchpriority=\"high\" decoding=\"async\" class=\"alignnone size-full wp-image-73184\" src=\"https:\/\/miurltemporal.com/main/triatletasenred.sport.es\/wp-content\/uploads\/9R2A1078.jpg\" alt=\"\" width=\"2400\" height=\"1600\" srcset=\"https:\/\/miurltemporal.com/main/triatletasenred.sport.es\/wp-content\/uploads\/9R2A1078.jpg 2400w, https:\/\/miurltemporal.com/main/triatletasenred.sport.es\/wp-content\/uploads\/9R2A1078-700x467.jpg 700w, https:\/\/miurltemporal.com/main/triatletasenred.sport.es\/wp-content\/uploads\/9R2A1078-300x200.jpg 300w, https:\/\/miurltemporal.com/main/triatletasenred.sport.es\/wp-content\/uploads\/9R2A1078-1024x683.jpg 1024w, https:\/\/miurltemporal.com/main/triatletasenred.sport.es\/wp-content\/uploads\/9R2A1078-768x512.jpg 768w, https:\/\/miurltemporal.com/main/triatletasenred.sport.es\/wp-content\/uploads\/9R2A1078-1536x1024.jpg 1536w, https:\/\/miurltemporal.com/main/triatletasenred.sport.es\/wp-content\/uploads\/9R2A1078-2048x1365.jpg 2048w, https:\/\/miurltemporal.com/main/triatletasenred.sport.es\/wp-content\/uploads\/9R2A1078-696x464.jpg 696w, https:\/\/miurltemporal.com/main/triatletasenred.sport.es\/wp-content\/uploads\/9R2A1078-1068x712.jpg 1068w, https:\/\/miurltemporal.com/main/triatletasenred.sport.es\/wp-content\/uploads\/9R2A1078-1920x1280.jpg 1920w, https:\/\/miurltemporal.com/main/triatletasenred.sport.es\/wp-content\/uploads\/9R2A1078-630x420.jpg 630w\" sizes=\"(max-width: 2400px) 100vw, 2400px\" \/><\/p>\n<p>Despu\u00e9s de la bienvenida por parte del director general de Inverse, Joan Sabat\u00e9, los miembros del equipo hicieron un recorrido por c<strong>ada una de las secciones que intervienen en la fabricaci\u00f3n de la ropa de ciclismo<\/strong>: dise\u00f1o, maquetaci\u00f3n, impresi\u00f3n en papel de los dise\u00f1os, corte de los tejidos siguiendo el patr\u00f3n de cada art\u00edculo, sublimaci\u00f3n de los\u00a0tejidos seg\u00fan dise\u00f1os, cosido y ensamblaje de las piezas, y finalmente, su etiquetado y empaquetado.<\/p>\n<p><img decoding=\"async\" class=\"alignnone size-full wp-image-73188\" src=\"https:\/\/miurltemporal.com/main/triatletasenred.sport.es\/wp-content\/uploads\/9R2A2443-1-1.jpg\" alt=\"\" width=\"1920\" height=\"1280\" srcset=\"https:\/\/miurltemporal.com/main/triatletasenred.sport.es\/wp-content\/uploads\/9R2A2443-1-1.jpg 1920w, https:\/\/miurltemporal.com/main/triatletasenred.sport.es\/wp-content\/uploads\/9R2A2443-1-1-700x467.jpg 700w, https:\/\/miurltemporal.com/main/triatletasenred.sport.es\/wp-content\/uploads\/9R2A2443-1-1-300x200.jpg 300w, https:\/\/miurltemporal.com/main/triatletasenred.sport.es\/wp-content\/uploads\/9R2A2443-1-1-1024x683.jpg 1024w, https:\/\/miurltemporal.com/main/triatletasenred.sport.es\/wp-content\/uploads\/9R2A2443-1-1-768x512.jpg 768w, https:\/\/miurltemporal.com/main/triatletasenred.sport.es\/wp-content\/uploads\/9R2A2443-1-1-1536x1024.jpg 1536w, https:\/\/miurltemporal.com/main/triatletasenred.sport.es\/wp-content\/uploads\/9R2A2443-1-1-696x464.jpg 696w, https:\/\/miurltemporal.com/main/triatletasenred.sport.es\/wp-content\/uploads\/9R2A2443-1-1-1068x712.jpg 1068w, https:\/\/miurltemporal.com/main/triatletasenred.sport.es\/wp-content\/uploads\/9R2A2443-1-1-630x420.jpg 630w\" sizes=\"(max-width: 1920px) 100vw, 1920px\" \/><\/p>\n<p>Despu\u00e9s de recorrer todas las instalaciones y de ver todo el proceso de fabricaci\u00f3n de sus equipaciones, se realiz\u00f3 una sesi\u00f3n de fotos de estudio del equipo e individualmente con su ropa ciclista ya fabricada, luciendo tambi\u00e9n los maillots especiales como campeones del Mundo, de Europa y de Francia.<\/p>\n<h2><strong>Los ciclistas invitados disfrutaron de su estancia por la f\u00e1brica<\/strong><\/h2>\n<p><img decoding=\"async\" class=\"alignnone size-full wp-image-73185\" src=\"https:\/\/miurltemporal.com/main/triatletasenred.sport.es\/wp-content\/uploads\/9R2A1976-1.jpg\" alt=\"\" width=\"2400\" height=\"1600\" srcset=\"https:\/\/miurltemporal.com/main/triatletasenred.sport.es\/wp-content\/uploads\/9R2A1976-1.jpg 2400w, https:\/\/miurltemporal.com/main/triatletasenred.sport.es\/wp-content\/uploads\/9R2A1976-1-700x467.jpg 700w, https:\/\/miurltemporal.com/main/triatletasenred.sport.es\/wp-content\/uploads\/9R2A1976-1-300x200.jpg 300w, https:\/\/miurltemporal.com/main/triatletasenred.sport.es\/wp-content\/uploads\/9R2A1976-1-1024x683.jpg 1024w, https:\/\/miurltemporal.com/main/triatletasenred.sport.es\/wp-content\/uploads\/9R2A1976-1-768x512.jpg 768w, https:\/\/miurltemporal.com/main/triatletasenred.sport.es\/wp-content\/uploads\/9R2A1976-1-1536x1024.jpg 1536w, https:\/\/miurltemporal.com/main/triatletasenred.sport.es\/wp-content\/uploads\/9R2A1976-1-2048x1365.jpg 2048w, https:\/\/miurltemporal.com/main/triatletasenred.sport.es\/wp-content\/uploads\/9R2A1976-1-696x464.jpg 696w, https:\/\/miurltemporal.com/main/triatletasenred.sport.es\/wp-content\/uploads\/9R2A1976-1-1068x712.jpg 1068w, https:\/\/miurltemporal.com/main/triatletasenred.sport.es\/wp-content\/uploads\/9R2A1976-1-1920x1280.jpg 1920w, https:\/\/miurltemporal.com/main/triatletasenred.sport.es\/wp-content\/uploads\/9R2A1976-1-630x420.jpg 630w\" sizes=\"(max-width: 2400px) 100vw, 2400px\" \/><\/p>\n<p><strong>Loana Lecomte<\/strong> obtuvo espectaculares resultados como deportista durante el 2020 con un con triplete de t\u00edtulos:<strong> campeona del Mundo sub23, campeona de Europa sub23 y campeona de Francia sub23<\/strong>. Los otros miembros del equipo tambi\u00e9n obtuvieron resultados de primer nivel durante el 2020: <strong>Julie Bresset<\/strong> es<strong> campeona \u00e9lite de Francia<\/strong>, <strong>Olivia Onesti<\/strong> es<strong> campeona de MTB de Francia, Joshua Dubau<\/strong> fue <strong>2\u00ba en el campeonato XCM MTB de Francia<\/strong> y<strong> Thomas Griot<\/strong>, <strong>3\u00ba en el campeonato de \u00e9lite de Francia.<\/strong><\/p>\n<p style=\"text-align: center;\"><iframe title=\"YouTube video player\" src=\"https:\/\/www.youtube.com\/embed\/c00T6zuqIbQ\" width=\"560\" height=\"315\" frameborder=\"0\" allowfullscreen=\"allowfullscreen\"><\/iframe><\/p>\n","protected":false},"excerpt":{"rendered":"<p>D\u00edas antes de su participaci\u00f3n en la Copa Catalana Internacional, el equipo Massi UCI Team visita Inverse y prueba la nueva gama AIR de ropa<\/p>\n","protected":false},"author":315,"featured_media":73183,"comment_status":"closed","ping_status":"closed","sticky":false,"template":"","format":"standard","meta":{"_acf_changed":false,"rank_math_lock_modified_date":false,"footnotes":""},"categories":[17,16],"tags":[2056,8321],"class_list":{"0":"post-73182","1":"post","2":"type-post","3":"status-publish","4":"format-standard","5":"has-post-thumbnail","7":"category-actualidad","8":"category-en-red","9":"tag-inverse","10":"tag-massi-uci-team"},"acf":[],"_links":{"self":[{"href":"https:\/\/miurltemporal.com/main/triatletasenred.sport.es\/wp-json\/wp\/v2\/posts\/73182"}],"collection":[{"href":"https:\/\/miurltemporal.com/main/triatletasenred.sport.es\/wp-json\/wp\/v2\/posts"}],"about":[{"href":"https:\/\/miurltemporal.com/main/triatletasenred.sport.es\/wp-json\/wp\/v2\/types\/post"}],"author":[{"embeddable":true,"href":"https:\/\/miurltemporal.com/main/triatletasenred.sport.es\/wp-json\/wp\/v2\/users\/315"}],"replies":[{"embeddable":true,"href":"https:\/\/miurltemporal.com/main/triatletasenred.sport.es\/wp-json\/wp\/v2\/comments?post=73182"}],"version-history":[{"count":0,"href":"https:\/\/miurltemporal.com/main/triatletasenred.sport.es\/wp-json\/wp\/v2\/posts\/73182\/revisions"}],"wp:featuredmedia":[{"embeddable":true,"href":"https:\/\/miurltemporal.com/main/triatletasenred.sport.es\/wp-json\/wp\/v2\/media\/73183"}],"wp:attachment":[{"href":"https:\/\/miurltemporal.com/main/triatletasenred.sport.es\/wp-json\/wp\/v2\/media?parent=73182"}],"wp:term":[{"taxonomy":"category","embeddable":true,"href":"https:\/\/miurltemporal.com/main/triatletasenred.sport.es\/wp-json\/wp\/v2\/categories?post=73182"},{"taxonomy":"post_tag","embeddable":true,"href":"https:\/\/miurltemporal.com/main/triatletasenred.sport.es\/wp-json\/wp\/v2\/tags?post=73182"}],"curies":[{"name":"wp","href":"https:\/\/api.w.org\/{rel}","templated":true}]}}