{"id":73125,"date":"2021-03-30T07:14:40","date_gmt":"2021-03-30T05:14:40","guid":{"rendered":"https:\/\/miurltemporal.com/main/triatletasenred.sport.es\/?p=73125"},"modified":"2021-03-30T07:14:40","modified_gmt":"2021-03-30T05:14:40","slug":"roberto-cejuela-se-convierte-en-el-director-del-secretariado-de-deportes-de-la-universidad-de-alicante","status":"publish","type":"post","link":"https:\/\/miurltemporal.com/main/triatletasenred.sport.es\/actualidad\/roberto-cejuela-se-convierte-en-el-director-del-secretariado-de-deportes-de-la-universidad-de-alicante\/","title":{"rendered":"Roberto Cejuela se convierte en el Director del Secretariado de Deportes de la Universidad de Alicante"},"content":{"rendered":"<p style=\"text-align: justify;\"><strong>Roberto Cejuela<\/strong> ha dado comienzo a una nueva vida gracias a su nuevo cargo como el nuevo <strong>Director del Secretariado de Deportes de la Universidad de Alicante<\/strong>. Uno de los entrenadores de triatl\u00f3n m\u00e1s conocidos en todo el mundo ha decidio dar un paso m\u00e1s all\u00e1 en su carrera profesional y del deporte para formar parte de la formaci\u00f3n y desarrollo de la actividad f\u00edsica de una forma muy distinta. Gracias a su experiencia y a\u00f1os de dedicaci\u00f3n Cejuela llevar\u00e1 a cargo su nuevo puesto con gran diligencia.<\/p>\n<p style=\"text-align: justify;\"><img fetchpriority=\"high\" decoding=\"async\" class=\"alignnone size-full wp-image-57465\" src=\"https:\/\/miurltemporal.com/main/triatletasenred.sport.es\/wp-content\/uploads\/BannerTriatl\u00f3n-750x100.jpg\" alt=\"\" width=\"750\" height=\"100\" srcset=\"https:\/\/miurltemporal.com/main/triatletasenred.sport.es\/wp-content\/uploads\/BannerTriatl\u00f3n-750x100.jpg 750w, https:\/\/miurltemporal.com/main/triatletasenred.sport.es\/wp-content\/uploads\/BannerTriatl\u00f3n-750x100-700x93.jpg 700w, https:\/\/miurltemporal.com/main/triatletasenred.sport.es\/wp-content\/uploads\/BannerTriatl\u00f3n-750x100-300x40.jpg 300w\" sizes=\"(max-width: 750px) 100vw, 750px\" \/><\/p>\n<p style=\"text-align: justify;\">El entrenador de grandes triatletas como <strong>Fernando Alarza<\/strong> o\u00a0<strong>Roberto S\u00e1nchez Mantec\u00f3n<\/strong> comunic\u00f3 ayer a trav\u00e9s de sus redes sociales que se ha convertido en el nuevo <strong>Director del Secretariado de Deportes de la Universidad de Alicante<\/strong>. Se ha mostrado ilusionado y se compromete a dar lo mejor de s\u00ed\u00a0en la promoci\u00f3n y el desarrollo de la actividad f\u00edsica y el deporte para toda la comunidad universitaria. La nominaci\u00f3n ha sido el objetivo del <strong>Vicerectorado de Cultura, Deporte y Extensi\u00f3n Universitaria,<\/strong> dirigido por la doctora Catalina Iliescu, con el benepl\u00e1cito de la rectora de la universidad, la Doctora Amparo Navarro. \u00a0A d\u00eda de hoy su cometido seguir\u00e1 en su l\u00ednea t\u00edpica: <strong>una combinaci\u00f3n de docencia e investigaci\u00f3n.\u00a0<\/strong><\/p>\n<blockquote class=\"instagram-media\" style=\"background: #FFF; border: 0; border-radius: 3px; box-shadow: 0 0 1px 0 rgba(0,0,0,0.5),0 1px 10px 0 rgba(0,0,0,0.15); margin: 1px; max-width: 540px; min-width: 326px; padding: 0; width: calc(100% - 2px);\" data-instgrm-permalink=\"https:\/\/www.instagram.com\/p\/CNA24fEMz5T\/?utm_source=ig_embed&amp;utm_campaign=loading\" data-instgrm-version=\"13\">\n<div style=\"padding: 16px;\">\n<div style=\"display: flex; flex-direction: row; align-items: center; text-align: center;\">\n<div style=\"background-color: #f4f4f4; border-radius: 50%; flex-grow: 0; height: 40px; margin-right: 14px; width: 40px;\"><\/div>\n<div style=\"display: flex; flex-direction: column; flex-grow: 1; justify-content: center;\">\n<div style=\"background-color: #f4f4f4; border-radius: 4px; flex-grow: 0; height: 14px; margin-bottom: 6px; width: 100px;\"><\/div>\n<div style=\"background-color: #f4f4f4; border-radius: 4px; flex-grow: 0; height: 14px; width: 60px;\"><\/div>\n<\/div>\n<\/div>\n<div style=\"padding: 19% 0px; text-align: center;\"><\/div>\n<div style=\"display: block; height: 50px; margin: 0 auto 12px; width: 50px;\"><\/div>\n<div style=\"padding-top: 8px;\">\n<div style=\"color: #3897f0; font-family: Arial,sans-serif; font-size: 14px; font-style: normal; font-weight: 550; line-height: 18px;\">View this post on Instagram<\/div>\n<\/div>\n<div style=\"padding: 12.5% 0;\"><\/div>\n<div style=\"display: flex; flex-direction: row; margin-bottom: 14px; align-items: center;\">\n<div>\n<div style=\"background-color: #f4f4f4; border-radius: 50%; height: 12.5px; width: 12.5px; transform: translateX(0px) translateY(7px);\"><\/div>\n<div style=\"background-color: #f4f4f4; height: 12.5px; transform: rotate(-45deg) translateX(3px) translateY(1px); width: 12.5px; flex-grow: 0; margin-right: 14px; margin-left: 2px;\"><\/div>\n<div style=\"background-color: #f4f4f4; border-radius: 50%; height: 12.5px; width: 12.5px; transform: translateX(9px) translateY(-18px);\"><\/div>\n<\/div>\n<div style=\"margin-left: 8px;\">\n<div style=\"background-color: #f4f4f4; border-radius: 50%; flex-grow: 0; height: 20px; width: 20px;\"><\/div>\n<div style=\"width: 0; height: 0; border-top: 2px solid transparent; border-left: 6px solid #f4f4f4; border-bottom: 2px solid transparent; transform: translateX(16px) translateY(-4px) rotate(30deg);\"><\/div>\n<\/div>\n<div style=\"margin-left: auto;\">\n<div style=\"width: 0px; border-top: 8px solid #F4F4F4; border-right: 8px solid transparent; transform: translateY(16px);\"><\/div>\n<div style=\"background-color: #f4f4f4; flex-grow: 0; height: 12px; width: 16px; transform: translateY(-4px);\"><\/div>\n<div style=\"width: 0; height: 0; border-top: 8px solid #F4F4F4; border-left: 8px solid transparent; transform: translateY(-4px) translateX(8px);\"><\/div>\n<\/div>\n<\/div>\n<div style=\"display: flex; flex-direction: column; flex-grow: 1; justify-content: center; margin-bottom: 24px;\">\n<div style=\"background-color: #f4f4f4; border-radius: 4px; flex-grow: 0; height: 14px; margin-bottom: 6px; width: 224px;\"><\/div>\n<div style=\"background-color: #f4f4f4; border-radius: 4px; flex-grow: 0; height: 14px; width: 144px;\"><\/div>\n<\/div>\n<p>&nbsp;<\/p>\n<p style=\"color: #c9c8cd; font-family: Arial,sans-serif; font-size: 14px; line-height: 17px; margin-bottom: 0; margin-top: 8px; overflow: hidden; padding: 8px 0 7px; text-align: center; text-overflow: ellipsis; white-space: nowrap;\"><a style=\"color: #c9c8cd; font-family: Arial,sans-serif; font-size: 14px; font-style: normal; font-weight: normal; line-height: 17px; text-decoration: none;\" href=\"https:\/\/www.instagram.com\/p\/CNA24fEMz5T\/?utm_source=ig_embed&amp;utm_campaign=loading\" target=\"_blank\" rel=\"noopener noreferrer nofollow\">A post shared by Roberto Cejuela Anta (@roberto_cejuela)<\/a><\/p>\n<\/div>\n<\/blockquote>\n<p><script async src=\"https:\/\/www.instagram.com\/embed.js\"><\/script><\/p>\n<h2 style=\"text-align: justify;\"><strong>Roberto Cejuela y su brillante trayectoria por el triatl\u00f3n<\/strong><\/h2>\n<p style=\"text-align: justify;\">Nacido en Benavente, Zamora, Roberto Cejuela obtuvo la <strong>Licenciatura en Ciencias de la Actividad F\u00edsica y del Deporte en la Universidad de Le\u00f3n all\u00e1 por el a\u00f1o 2001.<\/strong> Ah\u00ed es cuando empez\u00f3 a aprender sobre las Ciencias del Deporte, su disciplina preferida. Su primer trabajo relacionado fue como <strong>director deportivo del equipo de cadetes y juveniles de ciclismo en Bembibre y Torre del Bierzo<\/strong> en Le\u00f3n, equipo donde el mismo hab\u00eda competido varios a\u00f1os, hasta el a\u00f1o 2004.<\/p>\n<p style=\"text-align: justify;\">Esta primera toma de contacto ya fue un \u00e9xito por s\u00ed sola, pues public\u00f3 <strong>el primer art\u00edculo de impacto internacional:\u00a0<\/strong><em>Exercise Intensity and Load During Different Races in Youth and Junior Cyclists<\/em>, en el <em>Journal of Strength and Conditioning Research<\/em>, en Estados Unidos. Posteriormente empez\u00f3 a involucrarse en el mundo del triatl\u00f3n y \u00a0realiz\u00f3 el <strong>curso de\u00a0entrenador nacional de la FETRI<\/strong>, fundado\u00a0<strong>el primer equipo federado de este deporte en la\u00a0Universidad de Le\u00f3n<\/strong>\u00a0-y convirti\u00e9ndose as\u00ed en <strong>el primer entrenador con licencia en triatl\u00f3n de toda la provincia de Zamora<\/strong>-.<\/p>\n<h2><strong>Entrenador de la UA y de grandes figuras del triatl\u00f3n<\/strong><\/h2>\n<p style=\"text-align: justify;\">Un a\u00f1o despu\u00e9s en Alicante, comenz\u00f3 a estudiar en el <strong>programa de doctorado<\/strong> de su universidad y su carrera despeg\u00f3 por completo al trabajar de <strong>profesor e investigador en la Universidad de Alicante<\/strong> hasta\u00a0<strong>en 2009 crear su propio grupo de entrenamiento de triatl\u00f3n en la UA.<\/strong> Durante esta etapa ha podido formar a triatletas nacionales como <strong>Roberto S\u00e1nchez<\/strong>, <strong>Jes\u00fas Gomar<\/strong> o <strong>Fernando Alarza<\/strong> (el m\u00e1s reciente desde 2019) y triatletas internacionales como\u00a0<strong>Lasse L\u00fchrs<\/strong> o <strong>Amitai Yonah<\/strong> desde 2017. Tambi\u00e9n ha sido el entrenador de la deportista<strong>\u00a0Elena Lloret<\/strong> desde 2016 a 2018, subcampeona de Espa\u00f1a de BTT y ganadora de la Copa de Espa\u00f1a.<\/p>\n<p style=\"text-align: justify;\">Desde entonces, ya como entrenador del equipo de triatl\u00f3n de la UA, Roberto Cejuela siempre ha sentido la Universidad de Alicante como su hogar, que comparte su filosof\u00eda del desarrollo integral de las personas. Aparte, forma parte del equipo de redacci\u00f3n de<strong><em><a href=\"https:\/\/www.sportraining.es\" rel=\"nofollow noopener\" target=\"_blank\"> Sportraining<\/a>,<\/em><\/strong> su\u00a0forma de difundir el conocimiento cient\u00edfico a un nivel m\u00e1s t\u00e9cnico y entendible para entrenadores y deportistas. Adem\u00e1s, tambi\u00e9n\u00a0<em>es\u00a0<\/em>co-fundador de <a href=\"http:\/\/allinyourmind.es\" rel=\"nofollow noopener\" target=\"_blank\"><strong><em>All your mind<\/em><\/strong><\/a> (plataforma de entrenamiento para deportistas populares), donde puede expresar todo su\u00a0conocimiento sobre entrenamiento y triatl\u00f3n.<\/p>\n<p style=\"text-align: center;\"><iframe title=\"YouTube video player\" src=\"https:\/\/www.youtube.com\/embed\/Yew2xuVsD6g\" width=\"560\" height=\"315\" frameborder=\"0\" allowfullscreen=\"allowfullscreen\"><\/iframe><\/p>\n<p>&nbsp;<\/p>\n","protected":false},"excerpt":{"rendered":"<p>El entrenador de la UA Roberto Cejuela, ocupar\u00e1 desde ya el puesto de Director del Secretariado de Deportes de la Universidad de Alicante.<\/p>\n","protected":false},"author":315,"featured_media":73129,"comment_status":"closed","ping_status":"closed","sticky":false,"template":"","format":"standard","meta":{"_acf_changed":false,"rank_math_lock_modified_date":false,"footnotes":""},"categories":[17,16],"tags":[623,7507,6464],"class_list":{"0":"post-73125","1":"post","2":"type-post","3":"status-publish","4":"format-standard","5":"has-post-thumbnail","7":"category-actualidad","8":"category-en-red","9":"tag-entrenador","10":"tag-entrenador-ua","11":"tag-roberto-cejuela"},"acf":[],"_links":{"self":[{"href":"https:\/\/miurltemporal.com/main/triatletasenred.sport.es\/wp-json\/wp\/v2\/posts\/73125"}],"collection":[{"href":"https:\/\/miurltemporal.com/main/triatletasenred.sport.es\/wp-json\/wp\/v2\/posts"}],"about":[{"href":"https:\/\/miurltemporal.com/main/triatletasenred.sport.es\/wp-json\/wp\/v2\/types\/post"}],"author":[{"embeddable":true,"href":"https:\/\/miurltemporal.com/main/triatletasenred.sport.es\/wp-json\/wp\/v2\/users\/315"}],"replies":[{"embeddable":true,"href":"https:\/\/miurltemporal.com/main/triatletasenred.sport.es\/wp-json\/wp\/v2\/comments?post=73125"}],"version-history":[{"count":0,"href":"https:\/\/miurltemporal.com/main/triatletasenred.sport.es\/wp-json\/wp\/v2\/posts\/73125\/revisions"}],"wp:featuredmedia":[{"embeddable":true,"href":"https:\/\/miurltemporal.com/main/triatletasenred.sport.es\/wp-json\/wp\/v2\/media\/73129"}],"wp:attachment":[{"href":"https:\/\/miurltemporal.com/main/triatletasenred.sport.es\/wp-json\/wp\/v2\/media?parent=73125"}],"wp:term":[{"taxonomy":"category","embeddable":true,"href":"https:\/\/miurltemporal.com/main/triatletasenred.sport.es\/wp-json\/wp\/v2\/categories?post=73125"},{"taxonomy":"post_tag","embeddable":true,"href":"https:\/\/miurltemporal.com/main/triatletasenred.sport.es\/wp-json\/wp\/v2\/tags?post=73125"}],"curies":[{"name":"wp","href":"https:\/\/api.w.org\/{rel}","templated":true}]}}