{"id":72955,"date":"2021-03-24T08:22:42","date_gmt":"2021-03-24T07:22:42","guid":{"rendered":"https:\/\/miurltemporal.com/main/triatletasenred.sport.es\/?p=72955"},"modified":"2021-03-24T08:57:33","modified_gmt":"2021-03-24T07:57:33","slug":"paratriatlon-superleague-triathlon","status":"publish","type":"post","link":"https:\/\/miurltemporal.com/main/triatletasenred.sport.es\/entrevistas-triatlon\/paratriatlon-superleague-triathlon\/","title":{"rendered":"El paratriatl\u00f3n se estrena en la SuperLeague Triathlon. Estos son nuestros protagonistas en Londres"},"content":{"rendered":"<h4>Una gran noticia para un colectivo que trabaja a menudo en la sombra y con escasa visibilidad como es el de paratriatletas. Este finde protagonismo en la Superleague Triathlon<\/h4>\n<p><\/a><\/p>\n<p>Hemos hablado con nuestros 3 representantes en Londres y Rotterdam para saber de primera mano como han recibido esta convocatorio y en que momento se encuentran<\/p>\n<h2>JAIRO RUIZ<\/h2>\n<hr \/>\n<p><strong>&#8220;<em>Esta iniciativa de la SuperLeague Triathlon es muy importante debido a su repercusi\u00f3n a nivel mundial<\/em><\/strong>&#8221; , nos comenta el paratriatleta andaluz, &#8221; <em><strong>Quiero pensar que algo debemos estar haciendo bien para que se nos convoque<\/strong><\/em>&#8221;<\/p>\n<p>Respecto a sus objetivos en competici\u00f3n Jairo se sincera : &#8220;<em><strong>No espero nada ya que el formato y la competici\u00f3n en si es todo muy diferente. Servir\u00e1 sin duda como un test para saber en qu\u00e9 momento de la temporada estamos y si cumplimos los objetivos de la planificaci\u00f3n<\/strong><\/em>&#8221;<\/p>\n<p><img fetchpriority=\"high\" decoding=\"async\" class=\"aligncenter size-large\" src=\"https:\/\/static1.abc.es\/media\/deportes\/2019\/08\/18\/jairo-ruiz-espana-ksNI--620x349@abc.jpg\" width=\"620\" height=\"349\" \/><\/p>\n<h2>HECTOR CATAL\u00c0<\/h2>\n<hr \/>\n<p>El valenciano confiesa que est\u00e1 emocionado por est\u00e1 inclusi\u00f3n del paratriatl\u00f3n en su portafolios de carrera y concretamente en su caso particular comenta que &#8221; <em><strong>agradezco el hecho de que yo sea uno de los elegidos y lo tomo como un premio a la trayectoria de muchos a\u00f1os y ojal\u00e1 sea la primera de muchas<\/strong><\/em>&#8221;<\/p>\n<p>El paratriatleta valenciano tiene el foco puesto en los Juegos Paral\u00edmpicos de Tokio 2020 junto al gallego <strong>Gustavo Rodr\u00edguez<\/strong>. &#8220;<em><strong>Llevamos mucho tiempo trabajando por y para llegar a la cita en nuestro mejor estado de forma, no es f\u00e1cil pero para eso estamos trabajando sin dejar de disfrutar del camino<\/strong><\/em>&#8221;<\/p>\n<p><strong> <\/strong>sue\u00f1a por traerse la medalla de oro y confiesa que es el objetivo por el cual trabaja d\u00eda a d\u00eda. Una actitud sin duda que, como dice nuestro protagonista &#8221; <em><strong>Sea como sea volver\u00e9 de Jap\u00f3n siendo mejor deportista<\/strong><\/em>&#8221;\u00a0<img decoding=\"async\" class=\"aligncenter size-large wp-image-72958\" src=\"https:\/\/miurltemporal.com/main/triatletasenred.sport.es\/wp-content\/uploads\/hector-catala-gustavo-rodriguez-1-1024x596.png\" alt=\"\" width=\"696\" height=\"405\" srcset=\"https:\/\/miurltemporal.com/main/triatletasenred.sport.es\/wp-content\/uploads\/hector-catala-gustavo-rodriguez-1-1024x596.png 1024w, https:\/\/miurltemporal.com/main/triatletasenred.sport.es\/wp-content\/uploads\/hector-catala-gustavo-rodriguez-1-700x408.png 700w, https:\/\/miurltemporal.com/main/triatletasenred.sport.es\/wp-content\/uploads\/hector-catala-gustavo-rodriguez-1-300x175.png 300w, https:\/\/miurltemporal.com/main/triatletasenred.sport.es\/wp-content\/uploads\/hector-catala-gustavo-rodriguez-1-768x447.png 768w, https:\/\/miurltemporal.com/main/triatletasenred.sport.es\/wp-content\/uploads\/hector-catala-gustavo-rodriguez-1-696x405.png 696w, https:\/\/miurltemporal.com/main/triatletasenred.sport.es\/wp-content\/uploads\/hector-catala-gustavo-rodriguez-1-1068x622.png 1068w, https:\/\/miurltemporal.com/main/triatletasenred.sport.es\/wp-content\/uploads\/hector-catala-gustavo-rodriguez-1-721x420.png 721w, https:\/\/miurltemporal.com/main/triatletasenred.sport.es\/wp-content\/uploads\/hector-catala-gustavo-rodriguez-1.png 1140w\" sizes=\"(max-width: 696px) 100vw, 696px\" \/><\/p>\n<p>&nbsp;<\/p>\n<h2>ALEX S\u00c1NCHEZ PALOMERO<\/h2>\n<hr \/>\n<p>El mallorqu\u00ed arranca temporada por la puerta grande en una competici\u00f3n de nivel mundial y como \u00e9l mismo ha confesado no pod\u00eda imaginar una mejor manera de empezar a competir.<br \/>\n&#8220;<b><i>Es un privilegio, una suerte y lo vivo con much\u00edsima ilusi\u00f3n<\/i><\/b>&#8221; nos comenta el paratriatleta que no compite a nivel internacional desde diciembre de 2019.<br \/>\n&#8220;<b><i>Me la voy a tomar como un evento de calidad, saber en que punto de forma llego respecto a mis rivales pero sobretodo de disfrutarla y de vivir este privilegio en un lugar especial para mi como es Londres<\/i><\/b>&#8221;<\/p>\n<p>\u00c1lex confiesa que tiene intenci\u00f3n de darlo todo en estas competiciones.<\/p>\n<p><img decoding=\"async\" class=\"alignnone size-large\" src=\"http:\/\/www.alexsanchezpalomero.es\/wp-content\/uploads\/2017\/12\/MG_3745-960x636.jpg\" width=\"960\" height=\"636\" \/><\/p>\n","protected":false},"excerpt":{"rendered":"<p>Una gran noticia para un colectivo que trabaja a menudo en la sombra y con escasa visibilidad como es el de paratriatletas. Este finde protagonismo en la Superleague Triathlon Hemos hablado con nuestros 3 representantes en Londres y Rotterdam para saber de primera mano como han recibido esta convocatorio y en que momento se encuentran [&hellip;]<\/p>\n","protected":false},"author":2,"featured_media":72956,"comment_status":"closed","ping_status":"closed","sticky":false,"template":"","format":"standard","meta":{"_acf_changed":false,"rank_math_lock_modified_date":false,"footnotes":""},"categories":[17,10],"tags":[8474,6266,4948,1099,5446],"class_list":{"0":"post-72955","1":"post","2":"type-post","3":"status-publish","4":"format-standard","5":"has-post-thumbnail","7":"category-actualidad","8":"category-entrevistas-triatlon","9":"tag-alex-palomero","10":"tag-hector-catala","11":"tag-jairo-ruiz","12":"tag-paratriatlon","13":"tag-superleague-triathlon"},"acf":[],"_links":{"self":[{"href":"https:\/\/miurltemporal.com/main/triatletasenred.sport.es\/wp-json\/wp\/v2\/posts\/72955"}],"collection":[{"href":"https:\/\/miurltemporal.com/main/triatletasenred.sport.es\/wp-json\/wp\/v2\/posts"}],"about":[{"href":"https:\/\/miurltemporal.com/main/triatletasenred.sport.es\/wp-json\/wp\/v2\/types\/post"}],"author":[{"embeddable":true,"href":"https:\/\/miurltemporal.com/main/triatletasenred.sport.es\/wp-json\/wp\/v2\/users\/2"}],"replies":[{"embeddable":true,"href":"https:\/\/miurltemporal.com/main/triatletasenred.sport.es\/wp-json\/wp\/v2\/comments?post=72955"}],"version-history":[{"count":0,"href":"https:\/\/miurltemporal.com/main/triatletasenred.sport.es\/wp-json\/wp\/v2\/posts\/72955\/revisions"}],"wp:featuredmedia":[{"embeddable":true,"href":"https:\/\/miurltemporal.com/main/triatletasenred.sport.es\/wp-json\/wp\/v2\/media\/72956"}],"wp:attachment":[{"href":"https:\/\/miurltemporal.com/main/triatletasenred.sport.es\/wp-json\/wp\/v2\/media?parent=72955"}],"wp:term":[{"taxonomy":"category","embeddable":true,"href":"https:\/\/miurltemporal.com/main/triatletasenred.sport.es\/wp-json\/wp\/v2\/categories?post=72955"},{"taxonomy":"post_tag","embeddable":true,"href":"https:\/\/miurltemporal.com/main/triatletasenred.sport.es\/wp-json\/wp\/v2\/tags?post=72955"}],"curies":[{"name":"wp","href":"https:\/\/api.w.org\/{rel}","templated":true}]}}