{"id":728,"date":"2012-07-12T11:19:31","date_gmt":"2012-07-12T11:19:31","guid":{"rendered":"http:\/\/triatletasenred.com\/?p=728"},"modified":"2012-07-12T11:19:31","modified_gmt":"2012-07-12T11:19:31","slug":"cronica-andorra-ultra-trail-de-dani-calvo","status":"publish","type":"post","link":"https:\/\/miurltemporal.com/main/triatletasenred.sport.es\/competiciones\/cronica-andorra-ultra-trail-de-dani-calvo\/","title":{"rendered":"Cr\u00f3nica Andorra Ultra Trail de Dani Calvo"},"content":{"rendered":"<p>Viernes d\u00eda 6 de Julio. Me levanto pronto para desayunar e ir a buscar el dorsal para la carrera m\u00e1s importante que he hecho nunca. Estoy bastante nervioso. Son 112 km con 9700 metros de desnivel positivo. Me encuentro en un hotel situado en el pueblo de El Serrat (en la misma valle de Ordino). Miro alrededor m\u00edo y las vistas de las monta\u00f1as que se alzan a lado y lado del valle son realmente impresionantes. Pienso que en unas horas estar\u00e9 subi\u00e9ndolas y a\u00fan me entran m\u00e1s nervios.<\/p>\n<p>Por la tarde voy al briefing y luego vuelvo al hotel a descansar un poco. No puedo hacer siesta de los nervios y me voy bastante preocupado porque me esperan muchas horas sin dormir y ya llevo despiertas bastantes horas.<\/p>\n<p>Sobre las 22:30 llego a la salida. All\u00ed me encuentro con mi compa\u00f1ero Guille, que me acompa\u00f1ar\u00e1 durante toda esta magn\u00edfica experiencia. A las 23h dan la salida. El ambiente es impresionante. Realmente me hab\u00edan dicho que el ambiente era muy especial y emocionante y no se equivocaron. Se notaba que esta carrera era especial y as\u00ed lo viv\u00eda la gente.<\/p>\n<p>&nbsp;<\/p>\n<p>Empieza la carrera. Los nervios se van. Empezamos por un tramo en falso llano muy suave de unos 6,5 km para empezar a calentar las piernas. Llegamos al pueblo de Llorts donde hay mucha gente animando, entre ellos mis padres que me acompa\u00f1aron a vivir este reto. El pueblo es tan peque\u00f1o que en menos de 1 minuto nos adentramos en el bosque y empezamos a subir. Esta primera subida hasta el Clot del Cavall es larga. Subimos unos 1200m de desnivel. Como estamos frescos se hace sin problemas. Al llegar arriba encontramos bastante niebla cosa que dificulta la bajada y la orientaci\u00f3n pero de momento todo bien. En este punto y supongo que de los nervios acumulados y la comida previa me empieza a doler la barriga un poco.<\/p>\n<p><img decoding=\"async\" class=\"alignleft\" src=\"webkit-fake-url:\/\/D257B5C5-812C-4F99-A4F1-D96928DA92C4\/application.pdf\" alt=\"\" \/><\/p>\n<p>Llega el primer avituallamiento, comemos algo y nos disponemos a subir el pico m\u00e1s alto de Andorra, el Comapedrosa (2942m de altitud). Subimos 880m de desnivel en solo 3 km con lo que estamos hablando de una pendiente media del 30%. La subida se hace dur\u00edsima en el tramo final donde las manos se hacen imprescindibles para impulsarse en las rocas para poder seguir subiendo y no caerse, cosa que ser\u00eda terrible. A esto hay que sumarle tambi\u00e9n las fuertes rachas de viento que soplan y la niebla que hay. Llegamos al pico. Arriba nos encontramos la sorpresa de una banda de tambores y un gaitero animando la fiesta. Esto nos da bastante moral en estos duros momentos. L\u00e1stima del fr\u00edo porque era para quedarse un rato m\u00e1s. Empieza la bajada. Muy t\u00e9cnica y dif\u00edcil. Entre las rocas h\u00famedas y la gravilla caen algunos resbalones de estos que piensas \u201cpa haberse matado\u201d. Por suerte seguimos vivos, no sin algunos rasgu\u00f1os debidos a alguna ca\u00edda. Llegamos al segundo avituallamiento, al Refugio del Comapedrosa (2367m). All\u00ed llego algo desmoralizado por el stress que me ha supuesto la bajada y porque la barriga me duele bastante m\u00e1s que antes.<\/p>\n<p>A partir de aqu\u00ed viene una subida que se hace relativamente sencilla hasta la Portella de Sanfons (2592m). De ah\u00ed una bajada rodadora suave que se agradece mucho ya que puedo recuperar bastante el aliento y llegamos al siguiente avituallamiento en Coll de Botella (2047m).<\/p>\n<p>Son casi las 7 de la ma\u00f1ana. Empieza a salir el sol. Empezamos de nuevo otra ascensi\u00f3n hasta el Bony de la Pica (2406m). Yo me encuentro bastante mejor. Casi arriba de todo, mi compi se empieza a encontrar algo mal. Hasta ese momento \u00e9l hab\u00eda ido tirando del carro. Se le hace algo dura esta ascensi\u00f3n pero como yo me encuentro bien ahora soy yo el que tira un poco de \u00e9l. Al llegar al pico empezamos la larga bajada hasta el primer \u201cpunto de vida\u201d la Margineda (948m). Hay tramos muy dif\u00edciles donde hay cuerdas y cadenas para no caerse. La bajada se hace eterna. Llegamos sobre las 10h a Margineda.<\/p>\n<p>&nbsp;<\/p>\n<p>Llevamos 45km. \u00a0Ah\u00ed nos encontramos con las familias por primera vez apoyando. La bajada me ha dejado muy tocadas las rodillas y tobillos. Guille se encuentra bien. Yo no tanto. Intento hacer buena cara para no preocupar a mis padres aunque ellos detectan que no estoy demasiado bien. Hacemos una parada larga para recuperar y comer \u201cbien\u201d. No hay pasta para comer. Solo una especie de ensalada de arroz incomible (solo apta para perros) y un poco de sopa. As\u00ed que me alimento de lo mismo que he hecho durante todo el trayecto (galletas, chocolate y frutos secos). Ah\u00ed tengo mi primer y \u00fanico momento de crisis y baj\u00f3n. Dudo si abandonar o seguir. Decido seguir, confiando en que la parada y el Iboprufeno que me tomo me hayan sentado bien.<\/p>\n<p>De ah\u00ed empezamos otra subida \u201cde campeonato\u201d unos 1600m hasta el Coll del Bou Mort (2501m) en 8km. Nos quedamos casi sin agua por culpa de 2 fuentes que estaban secas. Al final encontramos un riachuelo y podemos rellenar antes de llegar al siguiente avituallamiento en el Refugio de Perafita (2200m). Yo me he recuperado pero el compa\u00f1ero empieza a encontrarse algo mal. Hemos tardado casi 5h entre Margineda y Perafita, as\u00ed que decidimos tomarnos un descanso largo. De ah\u00ed en adelante nos intentamos poner objetivos cortos, conseguirlo y luego valorar si seguir o no. Parece que esta estrategia nos funciona bastante bien. Pasamos por la Collada Maiana (2424m), refugio de Estanys de l\u2019Illa (2485m), collada de Pessons (2848m) hasta llegar hasta el segundo \u201cpunto de vida\u201d\u00a0 Bordes d\u2019Envalira (2013m) y 75km sobre las 22h. All\u00ed vuelven a esperarnos las familias y nos dan muchos \u00e1nimos (ah y tambi\u00e9n nos traen un plato de macarrones que nos sienta de lujo. PASTA POR FIIN!!!). Desde la organizaci\u00f3n nos dicen que se acerca una tormenta y que quiz\u00e1s han de neutralizar la carrera. La verdad es que nos da un poco de baj\u00f3n con la noticia porque sab\u00edamos que si nos cog\u00eda lluvia no acab\u00e1bamos.<\/p>\n<p>Valoramos: \u201cNos quedan solo 3 picos, 1900m de desnivel y 20km antes de empezar la bajada. Queda \u201cdemasiado\u201d poco para retirarse!!! (nada menos que 13h)\u201d Decidimos seguir la estrategia de ir punto a punto as\u00ed que hacemos el primer pico. Si la lluvia nos cog\u00eda a\u00fan nos pod\u00edan venir a buscar al siguiente refugio. Tambi\u00e9n sab\u00edamos que si \u00e9ramos capaces de hacer este primer pico acab\u00e1bamos seguro. As\u00ed lo hicimos. Superamos los primeros 500m pasando por el Pas de les Vaques (2575m) hasta el refugio de Incl\u00e9s (1836m). Seguimos\u2026nos queda el pico m\u00e1s duro de los tres, la Cresta de la Cabana Sorda (2657m). 800m de desnivel nos espera. La \u00faltima pendiente incre\u00edblemente dura subiendo casi 300m en 1,5km y mucha niebla otra vez. Subimos mejor que bajamos. En las bajadas el sue\u00f1o se hace bastante insoportable. Supongo que el esfuerzo al subir nos mantiene despiertos pero en las bajadas, al dejarte ir se nos cierran los ojos. Llevamos m\u00e1s de 28h de carrera (aunque yo personalmente 40h sin dormir). Finalmente llegamos al refugio de Coms de Jan (2219m)<\/p>\n<p>Vamoooss ya lo tenemos!!! Nos queda solamente un pico y la bajada hasta Ordino de 17 km. De repente el sue\u00f1o desaparece\u2026se empieza a hacer de d\u00eda. Parece que todo empieza a ir bien. Llegamos a la Collada dels Meners (2719m). Ya no queda nada de desnivel positivo. ESTO P\u00c1CTICAMENTE YA EST\u00c1. Empezamos la bajada vertiginosa y larga hasta Ordino. Vamos ya como los burros siguiendo paso a paso. A mi compi le empiezan a doler unas llagas terribles en los pies as\u00ed que \u00e9l sufre el descenso mucho m\u00e1s que yo.<\/p>\n<p>Llegamos ya a Ordino, son casi las 10 de la ma\u00f1ana. Nos juntamos con gente que est\u00e1 haciendo la Solidaritrail de 10km apta para todo el mundo, as\u00ed que sabemos que habr\u00e1 mucha gente esperando a la llegada. Enderezamos por el carril de entrada a la meta. Mucha gente animando, nuestras familias las primeras. El speaker coreando nuestro nombre. VAMOS GUILLE, VAMOS DANI ya lo ten\u00e9is. La entrada a meta muy emocionante la verdad!! Una sensaci\u00f3n que nunca olvidaremos.<\/p>\n<p><img decoding=\"async\" class=\"alignright\" src=\"webkit-fake-url:\/\/5C153A83-FF0B-4F47-AE35-EF6E73C0775A\/application.pdf\" alt=\"\" \/><\/p>\n<p>El marcador marca 35h 38 minutos. Eso lo dice todo. Guille por fin se puede quitar la espina clavada que ten\u00eda despu\u00e9s de intentarlo 2 veces y yo consigo el reto por el cual me he estado preparando todo el a\u00f1o.<\/p>\n<p>Nos reencontramos con nuestras familias y recibimos las felicitaciones de todo el mundo. Realmente una experiencia \u00fanica e inolvidable!!!<\/p>\n<p>Solo agradecer a nuestras familias el apoyo recibido durante la carrera. A Susi, por la paciencia y por darme \u00e1nimos constantes para superarme cada d\u00eda m\u00e1s y m\u00e1s, a todos los amigos que me han ayudado a entrenar y han cre\u00eddo en m\u00ed para poder superar este reto y finalmente al Guille por poder compartir este gran reto juntos.<\/p>\n<p>Por \u00faltimo una peque\u00f1a reflexi\u00f3n: <em>\u201cProponte lo que quieras que con esfuerzo y constancia no hay nada imposible. El l\u00edmite nos lo ponemos nosotros mismos\u201d<\/em><\/p>\n","protected":false},"excerpt":{"rendered":"<p>Viernes d\u00eda 6 de Julio. Me levanto pronto para desayunar e ir a buscar el dorsal para la carrera m\u00e1s importante que he hecho nunca. Estoy bastante nervioso. Son 112 km con 9700 metros de desnivel positivo. Me encuentro en un hotel situado en el pueblo de El Serrat (en la misma valle de Ordino). [&hellip;]<\/p>\n","protected":false},"author":2,"featured_media":0,"comment_status":"open","ping_status":"open","sticky":false,"template":"","format":"standard","meta":{"_acf_changed":false,"rank_math_lock_modified_date":false,"footnotes":""},"categories":[19],"tags":[100,102,99,101],"class_list":{"0":"post-728","1":"post","2":"type-post","3":"status-publish","4":"format-standard","6":"category-competiciones","7":"tag-dani-calvo","8":"tag-trail","9":"tag-ultra-trail-andorra","10":"tag-ultrarun"},"acf":[],"_links":{"self":[{"href":"https:\/\/miurltemporal.com/main/triatletasenred.sport.es\/wp-json\/wp\/v2\/posts\/728"}],"collection":[{"href":"https:\/\/miurltemporal.com/main/triatletasenred.sport.es\/wp-json\/wp\/v2\/posts"}],"about":[{"href":"https:\/\/miurltemporal.com/main/triatletasenred.sport.es\/wp-json\/wp\/v2\/types\/post"}],"author":[{"embeddable":true,"href":"https:\/\/miurltemporal.com/main/triatletasenred.sport.es\/wp-json\/wp\/v2\/users\/2"}],"replies":[{"embeddable":true,"href":"https:\/\/miurltemporal.com/main/triatletasenred.sport.es\/wp-json\/wp\/v2\/comments?post=728"}],"version-history":[{"count":0,"href":"https:\/\/miurltemporal.com/main/triatletasenred.sport.es\/wp-json\/wp\/v2\/posts\/728\/revisions"}],"wp:attachment":[{"href":"https:\/\/miurltemporal.com/main/triatletasenred.sport.es\/wp-json\/wp\/v2\/media?parent=728"}],"wp:term":[{"taxonomy":"category","embeddable":true,"href":"https:\/\/miurltemporal.com/main/triatletasenred.sport.es\/wp-json\/wp\/v2\/categories?post=728"},{"taxonomy":"post_tag","embeddable":true,"href":"https:\/\/miurltemporal.com/main/triatletasenred.sport.es\/wp-json\/wp\/v2\/tags?post=728"}],"curies":[{"name":"wp","href":"https:\/\/api.w.org\/{rel}","templated":true}]}}