{"id":72610,"date":"2021-03-04T14:46:48","date_gmt":"2021-03-04T13:46:48","guid":{"rendered":"https:\/\/miurltemporal.com/main/triatletasenred.sport.es\/?p=72610"},"modified":"2021-03-05T06:55:29","modified_gmt":"2021-03-05T05:55:29","slug":"el-sector-del-deporte-en-numeros-rojos-mil-puestos-de-trabajo-arruinados-en-febrero","status":"publish","type":"post","link":"https:\/\/miurltemporal.com/main/triatletasenred.sport.es\/actualidad\/el-sector-del-deporte-en-numeros-rojos-mil-puestos-de-trabajo-arruinados-en-febrero\/","title":{"rendered":"El sector del deporte, en n\u00fameros rojos: mil puestos de trabajo arruinados en febrero"},"content":{"rendered":"<p style=\"text-align: justify;\">El sector del mundo de las actividades deportivas y de entretenimiento se ha visto obligado a deshacerse de otros <strong>909 puestos de trabajo en el segundo mes de este nuevo a\u00f1o 2021<\/strong>, tras los 2.965 despidos de empleados en el mes de enero.<\/p>\n<p style=\"text-align: justify;\"><a href=\"https:\/\/nutrisport.es\/\" rel=\"nofollow noopener\" target=\"_blank\"><img fetchpriority=\"high\" decoding=\"async\" class=\"alignnone size-full wp-image-57465\" src=\"https:\/\/miurltemporal.com/main/triatletasenred.sport.es\/wp-content\/uploads\/BannerTriatl\u00f3n-750x100.jpg\" alt=\"\" width=\"750\" height=\"100\" srcset=\"https:\/\/miurltemporal.com/main/triatletasenred.sport.es\/wp-content\/uploads\/BannerTriatl\u00f3n-750x100.jpg 750w, https:\/\/miurltemporal.com/main/triatletasenred.sport.es\/wp-content\/uploads\/BannerTriatl\u00f3n-750x100-700x93.jpg 700w, https:\/\/miurltemporal.com/main/triatletasenred.sport.es\/wp-content\/uploads\/BannerTriatl\u00f3n-750x100-300x40.jpg 300w\" sizes=\"(max-width: 750px) 100vw, 750px\" \/><\/a><\/p>\n<h2 style=\"text-align: justify;\"><b>3.874 despidos des del inicio del a\u00f1o<\/b><\/h2>\n<p style=\"text-align: justify;\">Despu\u00e9s de un a\u00f1o 2020 muy duro debido a la pandemia del Coronavirus, se esperaba que la situaci\u00f3n remontara al empezar a repartirse la vacuna entre la poblaci\u00f3n. Pero las cifras de desempleo en este \u00e1mbito han hablado por si solas y, al parecer,<strong> la industria del deporte no est\u00e1 levantando cabeza<\/strong> ni con el arranque del nuevo a\u00f1o. El empleo en el sector est\u00e1 empezando a desdibujarse incluso con la reactivaci\u00f3n de la econom\u00eda.<\/p>\n<p style=\"text-align: justify;\">Seg\u00fan cifras publicadas por el <strong>Ministerio de Inclusi\u00f3n, Seguridad Social y Migraciones<\/strong>, <strong>el sector extinguido 909 puestos de trabajo durante el mes de febrero<\/strong>, una cifra muy alta que <strong>se suma a los 2.965 despidos denero<\/strong> con los que el sector del deporte empez\u00f3 el 2021.<\/p>\n<p style=\"text-align: justify;\">En los datos publicados por el ministerio, el n\u00famero medio de afiliados en el sector de las actividades deportivas, recreativas y de entretenimiento se sit\u00faa en 189.489 personas en febrero, lo que supone perder la barrera de los 190.000 empleos por primera vez desde el pasado mes de setiembre.<\/p>\n<p style=\"text-align: justify;\">De esa cifra anterior, m\u00e1s de 159.000 personas trabajan en r\u00e9gimen general, un 0,7% menos que el mes de enero, y 30.294 son aut\u00f3nomos, lo que supone un crecimiento del 0,6% respecto el mes anterior.<\/p>\n<p style=\"text-align: justify;\">En relaci\u00f3n con febrero, los empleados en r\u00e9gimen general tambi\u00e9n se lleva un golpe duro, pues ha habido una ca\u00edda del n\u00famero de afiliados del 18,3% frente el 0,5% de los aut\u00f3nomos.<\/p>\n<h3 style=\"text-align: justify;\"><strong>La crisis del Coronavirus ha cobrado 35.913 puestos de trabajo en el mundo del deporte<\/strong><\/h3>\n<p style=\"text-align: justify;\">A pesar de remontar en un breve 4,6% en julio,\u00a0<strong>el empleo retrocedi\u00f3 de nuevo un 3,9% en agosto y otro 3,6% en septiembre<\/strong>, para repuntar de nuevo un 4% en octubre. Noviembre se cerr\u00f3 casi en plano y en diciembre se registr\u00f3 una alza del 0,4%.<\/p>\n<p style=\"text-align: justify;\">Con todo, el sector contin\u00faa muy lejos de los niveles de empleo de antes del estallido del virus. <strong>En febrero de 2020,<\/strong> <strong>antes de iniciarse la cuarentena<\/strong>, las actividades deportivas, recreativas y de entretenimiento empleaban a 225.397 personas, <strong>un 15,9% m\u00e1s que ahora.<\/strong><\/p>\n<p style=\"text-align: justify;\"><strong>En t\u00e9rminos absolutos, la crisis se ha cobrado 35.913 puestos de trabajo.<\/strong><\/p>\n<p style=\"text-align: justify;\"><strong>En el conjunto de la econom\u00eda espa\u00f1ola, febrero fue un mes muy negativo para el empleo<\/strong>. El paro registr\u00f3 el mayor aumento desde 2013 y super\u00f3 la barrera de los cuatro millones de personas por primera vez desde 2016. La afiliaci\u00f3n, por su parte, se redujo en 30.000 personas, excluyendo los efectos estacionales.<\/p>\n<p><iframe src=\"https:\/\/www.youtube.com\/embed\/eyoCfri2Bx0\" width=\"560\" height=\"315\" frameborder=\"0\" allowfullscreen=\"allowfullscreen\"><\/iframe><\/p>\n","protected":false},"excerpt":{"rendered":"<p>El sector del mundo de las actividades deportivas se ha visto obligado a deshacerse de otros 909 puestos de trabajo en el mes de febrero.<\/p>\n","protected":false},"author":315,"featured_media":71917,"comment_status":"closed","ping_status":"closed","sticky":false,"template":"","format":"standard","meta":{"_acf_changed":false,"rank_math_lock_modified_date":false,"footnotes":""},"categories":[17,2033],"tags":[],"class_list":{"0":"post-72610","1":"post","2":"type-post","3":"status-publish","4":"format-standard","5":"has-post-thumbnail","7":"category-actualidad","8":"category-sport"},"acf":[],"_links":{"self":[{"href":"https:\/\/miurltemporal.com/main/triatletasenred.sport.es\/wp-json\/wp\/v2\/posts\/72610"}],"collection":[{"href":"https:\/\/miurltemporal.com/main/triatletasenred.sport.es\/wp-json\/wp\/v2\/posts"}],"about":[{"href":"https:\/\/miurltemporal.com/main/triatletasenred.sport.es\/wp-json\/wp\/v2\/types\/post"}],"author":[{"embeddable":true,"href":"https:\/\/miurltemporal.com/main/triatletasenred.sport.es\/wp-json\/wp\/v2\/users\/315"}],"replies":[{"embeddable":true,"href":"https:\/\/miurltemporal.com/main/triatletasenred.sport.es\/wp-json\/wp\/v2\/comments?post=72610"}],"version-history":[{"count":0,"href":"https:\/\/miurltemporal.com/main/triatletasenred.sport.es\/wp-json\/wp\/v2\/posts\/72610\/revisions"}],"wp:featuredmedia":[{"embeddable":true,"href":"https:\/\/miurltemporal.com/main/triatletasenred.sport.es\/wp-json\/wp\/v2\/media\/71917"}],"wp:attachment":[{"href":"https:\/\/miurltemporal.com/main/triatletasenred.sport.es\/wp-json\/wp\/v2\/media?parent=72610"}],"wp:term":[{"taxonomy":"category","embeddable":true,"href":"https:\/\/miurltemporal.com/main/triatletasenred.sport.es\/wp-json\/wp\/v2\/categories?post=72610"},{"taxonomy":"post_tag","embeddable":true,"href":"https:\/\/miurltemporal.com/main/triatletasenred.sport.es\/wp-json\/wp\/v2\/tags?post=72610"}],"curies":[{"name":"wp","href":"https:\/\/api.w.org\/{rel}","templated":true}]}}