{"id":72276,"date":"2021-02-15T21:57:33","date_gmt":"2021-02-15T20:57:33","guid":{"rendered":"https:\/\/miurltemporal.com/main/triatletasenred.sport.es\/?p=72276"},"modified":"2021-02-17T09:45:38","modified_gmt":"2021-02-17T08:45:38","slug":"comunicado-ironman","status":"publish","type":"post","link":"https:\/\/miurltemporal.com/main/triatletasenred.sport.es\/actualidad\/comunicado-ironman\/","title":{"rendered":"IRONMAN se pronuncia a trav\u00e9s de su CEO Andrew Messick: Hay incertidumbre, habr\u00e1 incertidumbre"},"content":{"rendered":"<h3>En<a href=\"https:\/\/www.youtube.com\/watch?v=sv31h0DSkd8&amp;feature=youtu.be\" rel=\"nofollow noopener\" target=\"_blank\"> un video publicado en el canal de youtube d<\/a>e la empresa Ironman, Andrew Messick a dedicado casi 5 minutos a dar un comunicado ambiguo.<\/h3>\n<p><a href=\"https:\/\/www.1406inn.com\" rel=\"nofollow noopener\" target=\"_blank\"><img fetchpriority=\"high\" decoding=\"async\" class=\"aligncenter wp-image-71785 size-full\" src=\"https:\/\/miurltemporal.com/main/triatletasenred.sport.es\/wp-content\/uploads\/TRADEINN-140.6INN-INTERNATIONAL-TRIATHLON-MAY-2021.jpg\" alt=\"\" width=\"600\" height=\"200\" srcset=\"https:\/\/miurltemporal.com/main/triatletasenred.sport.es\/wp-content\/uploads\/TRADEINN-140.6INN-INTERNATIONAL-TRIATHLON-MAY-2021.jpg 600w, https:\/\/miurltemporal.com/main/triatletasenred.sport.es\/wp-content\/uploads\/TRADEINN-140.6INN-INTERNATIONAL-TRIATHLON-MAY-2021-300x100.jpg 300w\" sizes=\"(max-width: 600px) 100vw, 600px\" \/><\/a><\/p>\n<p>En el comunicado <strong>Andrew Messick<\/strong> comenta varios puntos que muchos ya intu\u00edamos por el devenir de la situaci\u00f3n y el silencio administrativo de la marca de la M.<\/p>\n<p>Ironman ha confirmado que a pesar de que su m\u00e1ximo inter\u00e9s es organizar las carreras y que pelean cada una de ellas para que los inscritos puedan participar de manera segura, <strong>las circunstancias de cada evento y las localidades anfitrionas, respecto a la pandemia y la vacuna marcan las decisiones.\u00a0<\/strong><\/p>\n<p>Messick ha confirmado<a href=\"https:\/\/www.youtube.com\/watch?v=sv31h0DSkd8&amp;feature=youtu.be\" rel=\"nofollow noopener\" target=\"_blank\"> en el video<\/a> que las<strong> pruebas que arrancan el calendario en Europa cambiar\u00e1n de fecha para m\u00e1s adelante sin confirmar cu\u00e1les son ni dar datos concretos.<\/strong><\/p>\n<p>En este sentido tambi\u00e9n ha reconocido que son sabedores del malestar entre los inscritos respecto al poco margen de tiempo en el que se est\u00e1n comunicando las decisiones respecto a la supuesta fecha de celebraci\u00f3n.<\/p>\n<blockquote class=\"td_quote_box td_box_left\">\n<h3>&#8220;Hay incertidumbre, habr\u00e1 incertidumbre (&#8230;) \u00a0Os pido que os manteng\u00e1is mental y f\u00edsicamente sanos para lo que suceda&#8221;<\/h3>\n<\/blockquote>\n<p>En este sentido, y sin ir muy lejos, tenemos<strong>\u00a0la prueba que debe celebrarse en Marbella\u00a0<\/strong>\u00a0el 25 de abril, e<strong>l 8 de mayo en Mallorca o en la larga distancia el caso de Lanzarote. previsto para el 22 de mayo.<\/strong> A fecha de hoy a\u00fan no se ha comunicado la decisi\u00f3n final y por lo que comenta Messick, <strong>van a agotar todas las opciones y apurar al m\u00e1ximo para tomar una decisi\u00f3n pero ya nos anticipa que las posibilidades de trasladar los eventos a fechas m\u00e1s tardanas ser\u00e1 una t\u00f3nica habitual.\u00a0<\/strong><\/p>\n<p>En el comunicado el CEO de Ironman n<strong>o ha comentado ni ha dado respuesta al tema de la pol\u00edtica de cancelaciones que inunda las redes sociales<\/strong> y que ha tomado protagonismo en el hilo de comentarios del video y en las redes sociales. Se\u00f1al que la postura de la empresa en este sentido permanecer\u00e1 firme en la no devoluci\u00f3n amparados, al menos en Florida (USA) por<a href=\"https:\/\/miurltemporal.com/main/triatletasenred.sport.es\/actualidad\/ironman-gana-juicio\/\"> una sentencia favorable en este sentido como ya publicamos semanas atr\u00e1s.<\/a><\/p>\n<p><em><strong>&#8220;Hay incertidumbre, habr\u00e1 incertidumbre (&#8230;) \u00a0Os pido que os manteng\u00e1is mental y f\u00edsicamente sanos para lo que suceda<\/strong><\/em>&#8221;<\/p>\n<p>Un mensaje ambiguo que no dice nada nuevo pero que confirma lo que todos sabemos. Ironman va agotar todas las opciones para poder disputar los eventos y seguir\u00e1n alargando la toma de decisiones.<\/p>\n<p><strong>Aunque el mensaje y el contenido de las palabras han dejado indiferente a la comunidad que est\u00e1 llenando las redes con mensajes de decepci\u00f3n, la mejor de las noticias ser\u00eda que pudieran disputarse&#8230;.ser\u00e1 se\u00f1al de que vamos a mejor.\u00a0<\/strong><\/p>\n","protected":false},"excerpt":{"rendered":"<p>En un video publicado en el canal de youtube de la empresa Ironman, Andrew Messick a dedicado casi 5 minutos a dar un comunicado ambiguo. En el comunicado Andrew Messick comenta varios puntos que muchos ya intu\u00edamos por el devenir de la situaci\u00f3n y el silencio administrativo de la marca de la M. Ironman ha [&hellip;]<\/p>\n","protected":false},"author":2,"featured_media":72332,"comment_status":"closed","ping_status":"closed","sticky":false,"template":"","format":"video","meta":{"_acf_changed":false,"rank_math_lock_modified_date":false,"footnotes":""},"categories":[17],"tags":[8362],"class_list":{"0":"post-72276","1":"post","2":"type-post","3":"status-publish","4":"format-video","5":"has-post-thumbnail","7":"category-actualidad","8":"tag-comunicado-ironman","9":"post_format-post-format-video"},"acf":[],"_links":{"self":[{"href":"https:\/\/miurltemporal.com/main/triatletasenred.sport.es\/wp-json\/wp\/v2\/posts\/72276"}],"collection":[{"href":"https:\/\/miurltemporal.com/main/triatletasenred.sport.es\/wp-json\/wp\/v2\/posts"}],"about":[{"href":"https:\/\/miurltemporal.com/main/triatletasenred.sport.es\/wp-json\/wp\/v2\/types\/post"}],"author":[{"embeddable":true,"href":"https:\/\/miurltemporal.com/main/triatletasenred.sport.es\/wp-json\/wp\/v2\/users\/2"}],"replies":[{"embeddable":true,"href":"https:\/\/miurltemporal.com/main/triatletasenred.sport.es\/wp-json\/wp\/v2\/comments?post=72276"}],"version-history":[{"count":0,"href":"https:\/\/miurltemporal.com/main/triatletasenred.sport.es\/wp-json\/wp\/v2\/posts\/72276\/revisions"}],"wp:featuredmedia":[{"embeddable":true,"href":"https:\/\/miurltemporal.com/main/triatletasenred.sport.es\/wp-json\/wp\/v2\/media\/72332"}],"wp:attachment":[{"href":"https:\/\/miurltemporal.com/main/triatletasenred.sport.es\/wp-json\/wp\/v2\/media?parent=72276"}],"wp:term":[{"taxonomy":"category","embeddable":true,"href":"https:\/\/miurltemporal.com/main/triatletasenred.sport.es\/wp-json\/wp\/v2\/categories?post=72276"},{"taxonomy":"post_tag","embeddable":true,"href":"https:\/\/miurltemporal.com/main/triatletasenred.sport.es\/wp-json\/wp\/v2\/tags?post=72276"}],"curies":[{"name":"wp","href":"https:\/\/api.w.org\/{rel}","templated":true}]}}