{"id":72243,"date":"2021-02-15T07:00:00","date_gmt":"2021-02-15T06:00:00","guid":{"rendered":"https:\/\/miurltemporal.com/main/triatletasenred.sport.es\/?p=72243"},"modified":"2021-02-15T16:58:55","modified_gmt":"2021-02-15T15:58:55","slug":"carles-castillejo-duatlon","status":"publish","type":"post","link":"https:\/\/miurltemporal.com/main/triatletasenred.sport.es\/actualidad\/carles-castillejo-duatlon\/","title":{"rendered":"El ol\u00edmpico Carles Castillejo debuta en duatl\u00f3n con un registro de miedo"},"content":{"rendered":"<h3>El atleta, uno de los fondistas con el curr\u00edculum m\u00e1s extenso del pa\u00eds, a\u00f1ade el ciclismo a su rutina y ya se ha estrenado en duatl\u00f3n<\/h3>\n<h3><\/a><\/h3>\n<p>El duatl\u00f3n es uno de los deportes en los que vemos a m\u00e1s deportistas reinventarse, luego de cumplir su etapa como profesionales, vengan de dar pedales o zancadas en la pista.<\/p>\n<p>Seguir vinculados al deporte, sin la exigencia mental y f\u00edsica de tener que entrenar 7 d\u00edas a la semana siguiendo un plan tan estricto, libera a estos cracks para dar rienda a su potencial en otras disciplinas de resistencia.<\/p>\n<p>Lo mismo le ha ocurrido a <strong>Carles Castillejo,<\/strong> qui\u00e9n atizado por lesiones fruto de la inmensa cantidad de kil\u00f3metros y preparaciones que acumulan sus piernas, decidi\u00f3 incorporar la bici como m\u00e9todo de entreno cruzado.<\/p>\n<p>Los kil\u00f3metros han hecho el resto de la magia para ver a <strong>Carles cambiando la camiseta y los shorts, por el tritraje.<\/strong><\/p>\n<p>Una trayectoria brillante en el atletismo:<strong> 4 veces ol\u00edmpico, desde Atenas a R\u00edo. Del 5000 a la marat\u00f3n, pasando por conseguir todos los t\u00edtulos de Campe\u00f3n de Espa\u00f1a, a excepci\u00f3n del 3000.<\/strong><\/p>\n<p>Un purasangre que ayer hizo una cata duatl\u00e9tica con un 3,3k &#8211; 12k &#8211; 1,6k, en un <strong>entrenamiento<\/strong> cerca de una de las capitales del triatl\u00f3n en Catalunya, el Prat de Llobregat, d\u00f3nde se celebran m\u00faltiples pruebas por equipos dentro del calendario catal\u00e1n.<\/p>\n<p><strong>Carles<\/strong> realiz\u00f3 el test con los colores del equipo que tiene intenci\u00f3n de representar durante este a\u00f1o, <strong>el Triatl\u00f3 Cornell\u00e0<\/strong>, d\u00f3nde tambi\u00e9n compite <strong>Axel Badia.<\/strong><\/p>\n<p>Los parciales, pese a estar muy lejos de los n\u00fameros que habitualmente maneja el atleta de Adidas, le sirvieron para una primera toma de contacto con la sensaci\u00f3n y gesti\u00f3n de esfuerzo que deben llevar los especialistas en duatl\u00f3n.<strong> La media en bici fue superior a los 35 km\/h en un circuito llano, y el ritmo a pie estuvo entorno a 3:20\/km en ambos sectores.<\/strong><\/p>\n<p>De esta manera, el atleta de Rub\u00ed, afincado en Viladecans y actual entrenador del grupo de medio fondo del CAR de Sant Cugat, espera seguir ampliando su experiencia en este deporte.<\/p>\n<p>De ser as\u00ed, lo m\u00e1s seguro es que le veamos disputando las primeras plazas del Campeonato de Espa\u00f1a, en un futuro no muy lejano.<\/p>\n<p>Los datos de su entrenamiento se pueden consultar en <a href=\"https:\/\/www.strava.com\/athletes\/10739123\" rel=\"nofollow noopener\" target=\"_blank\">su Strava<\/a>.<\/p>\n<p>Foto: Ricard Badia<\/p>\n<div class=\"youtube-embed\" data-video_id=\"tajFXLnxJq4\"><iframe title=\"TRIATL\u00d3N EN VENA \ud83d\udc89. T01E11 Con Victor DEL CORRAL\" width=\"696\" height=\"392\" src=\"https:\/\/www.youtube.com\/embed\/tajFXLnxJq4?start=40&#038;feature=oembed\" frameborder=\"0\" allow=\"accelerometer; autoplay; clipboard-write; encrypted-media; gyroscope; picture-in-picture; web-share\" referrerpolicy=\"strict-origin-when-cross-origin\" allowfullscreen><\/iframe><\/div>\n","protected":false},"excerpt":{"rendered":"<p>El atleta, uno de los fondistas con el curr\u00edculum m\u00e1s extenso del pa\u00eds, a\u00f1ade el ciclismo a su rutina y ya se ha estrenado en duatl\u00f3n El duatl\u00f3n es uno de los deportes en los que vemos a m\u00e1s deportistas reinventarse, luego de cumplir su etapa como profesionales, vengan de dar pedales o zancadas en [&hellip;]<\/p>\n","protected":false},"author":309,"featured_media":72242,"comment_status":"closed","ping_status":"closed","sticky":false,"template":"","format":"standard","meta":{"_acf_changed":false,"rank_math_lock_modified_date":false,"footnotes":""},"categories":[17],"tags":[8360,572,8361],"class_list":{"0":"post-72243","1":"post","2":"type-post","3":"status-publish","4":"format-standard","5":"has-post-thumbnail","7":"category-actualidad","8":"tag-carles-castillejo","9":"tag-duatlon","10":"tag-triatlo-cornella"},"acf":[],"_links":{"self":[{"href":"https:\/\/miurltemporal.com/main/triatletasenred.sport.es\/wp-json\/wp\/v2\/posts\/72243"}],"collection":[{"href":"https:\/\/miurltemporal.com/main/triatletasenred.sport.es\/wp-json\/wp\/v2\/posts"}],"about":[{"href":"https:\/\/miurltemporal.com/main/triatletasenred.sport.es\/wp-json\/wp\/v2\/types\/post"}],"author":[{"embeddable":true,"href":"https:\/\/miurltemporal.com/main/triatletasenred.sport.es\/wp-json\/wp\/v2\/users\/309"}],"replies":[{"embeddable":true,"href":"https:\/\/miurltemporal.com/main/triatletasenred.sport.es\/wp-json\/wp\/v2\/comments?post=72243"}],"version-history":[{"count":0,"href":"https:\/\/miurltemporal.com/main/triatletasenred.sport.es\/wp-json\/wp\/v2\/posts\/72243\/revisions"}],"wp:featuredmedia":[{"embeddable":true,"href":"https:\/\/miurltemporal.com/main/triatletasenred.sport.es\/wp-json\/wp\/v2\/media\/72242"}],"wp:attachment":[{"href":"https:\/\/miurltemporal.com/main/triatletasenred.sport.es\/wp-json\/wp\/v2\/media?parent=72243"}],"wp:term":[{"taxonomy":"category","embeddable":true,"href":"https:\/\/miurltemporal.com/main/triatletasenred.sport.es\/wp-json\/wp\/v2\/categories?post=72243"},{"taxonomy":"post_tag","embeddable":true,"href":"https:\/\/miurltemporal.com/main/triatletasenred.sport.es\/wp-json\/wp\/v2\/tags?post=72243"}],"curies":[{"name":"wp","href":"https:\/\/api.w.org\/{rel}","templated":true}]}}