{"id":72200,"date":"2021-02-15T07:01:20","date_gmt":"2021-02-15T06:01:20","guid":{"rendered":"https:\/\/miurltemporal.com/main/triatletasenred.sport.es\/?p=72200"},"modified":"2021-02-15T07:01:20","modified_gmt":"2021-02-15T06:01:20","slug":"duatlon-diego-paredes","status":"publish","type":"post","link":"https:\/\/miurltemporal.com/main/triatletasenred.sport.es\/actualidad\/duatlon-diego-paredes\/","title":{"rendered":"Abiertas las inscripciones del II Duatl\u00f3n Diego Paredes"},"content":{"rendered":"<p>La ciudad natal del triatleta extreme\u00f1o <strong>Diego Paredes<\/strong> homenajear\u00e1 al pionero del triat\u00f3n con la organizaci\u00f3n de la segunda tirada del<strong> Duatl\u00f3n Diego Paredes,\u00a0<\/strong>el propio <strong>Campeonato de Extremadura<\/strong> de la modalidad <strong>Duatl\u00f3n Sprint.<\/strong> Esta prueba se realizar\u00e1 el 21 de marzo en honor al fallecido triatleta el pasado mes de setiembre de 2020.<\/p>\n<p><a href=\"https:\/\/nutrisport.es\/\" rel=\"nofollow noopener\" target=\"_blank\"><img fetchpriority=\"high\" decoding=\"async\" class=\"alignnone size-full wp-image-57465\" src=\"https:\/\/miurltemporal.com/main/triatletasenred.sport.es\/wp-content\/uploads\/BannerTriatl\u00f3n-750x100.jpg\" alt=\"\" width=\"750\" height=\"100\" srcset=\"https:\/\/miurltemporal.com/main/triatletasenred.sport.es\/wp-content\/uploads\/BannerTriatl\u00f3n-750x100.jpg 750w, https:\/\/miurltemporal.com/main/triatletasenred.sport.es\/wp-content\/uploads\/BannerTriatl\u00f3n-750x100-700x93.jpg 700w, https:\/\/miurltemporal.com/main/triatletasenred.sport.es\/wp-content\/uploads\/BannerTriatl\u00f3n-750x100-300x40.jpg 300w\" sizes=\"(max-width: 750px) 100vw, 750px\" \/><\/a><\/p>\n<h2><strong>La prueba: II Duatl\u00f3n Diego Paredes<\/strong><\/h2>\n<p>La contienda consistir\u00e1 en una primera entrada de<strong> 4,5 kil\u00f3metros de carrera a pie<\/strong>, un tramo posterior de <strong>20 kil\u00f3metros de ciclismo<\/strong> y un segundo sector de carrera a pie de <strong>3 kil\u00f3metros finales de carrera<\/strong>, enlazadas por 390 metros de uni\u00f3n entre ambas partes.<\/p>\n<p>La competici\u00f3n comenzar\u00e1 sobre las <strong>11:30 horas<\/strong> y\u00a0se realizar\u00e1 con un m\u00e1ximo de <strong>150 personas<\/strong> inscritas para respetar las medidas sanitarias anti-covid impuestas por la Federaci\u00f3n Extreme\u00f1a de Triatl\u00f3n.<\/p>\n<h2><strong>Inscripciones abiertas\u00a0<\/strong><\/h2>\n<p>El <strong>per\u00edodo de inscripci\u00f3n<\/strong> se abrir\u00e1 en dos <strong>plazos distintos:<\/strong> el primero abierto hasta el d\u00eda 12 de marzo, con un precio de 18 euros para los federados, federados 24 euros. El segundo plazo, a partir del 13 de marzo hasta el d\u00eda 16 de ese mismo mes hasta las 14 horas del medod\u00eda, el precio ser\u00e1 de 23 euros para federados y 29 para los no federados. Podr\u00e9is apuntaros a trav\u00e9s de la web oficial de la <strong><a href=\"https:\/\/triatlonextremadura.com\" rel=\"nofollow noopener\" target=\"_blank\">Federaci\u00f3n Extreme\u00f1a de Triatl\u00f3n<\/a><\/strong>.<\/p>\n<p>&nbsp;<\/p>\n<p>&nbsp;<\/p>\n<p>&nbsp;<\/p>\n","protected":false},"excerpt":{"rendered":"<p>La ciudad natal del pionero triatleta Diego Paredes homenajerar\u00e1 al atleta con la celebraci\u00f3n del II Duatl\u00f3n Diego Paredes<\/p>\n","protected":false},"author":315,"featured_media":70059,"comment_status":"closed","ping_status":"closed","sticky":false,"template":"","format":"standard","meta":{"_acf_changed":false,"rank_math_lock_modified_date":false,"footnotes":""},"categories":[17,16],"tags":[4872,111,6544],"class_list":{"0":"post-72200","1":"post","2":"type-post","3":"status-publish","4":"format-standard","5":"has-post-thumbnail","7":"category-actualidad","8":"category-en-red","9":"tag-adicto-al-triatlon","10":"tag-ciclismo","11":"tag-duatlon-de-carretera"},"acf":[],"_links":{"self":[{"href":"https:\/\/miurltemporal.com/main/triatletasenred.sport.es\/wp-json\/wp\/v2\/posts\/72200"}],"collection":[{"href":"https:\/\/miurltemporal.com/main/triatletasenred.sport.es\/wp-json\/wp\/v2\/posts"}],"about":[{"href":"https:\/\/miurltemporal.com/main/triatletasenred.sport.es\/wp-json\/wp\/v2\/types\/post"}],"author":[{"embeddable":true,"href":"https:\/\/miurltemporal.com/main/triatletasenred.sport.es\/wp-json\/wp\/v2\/users\/315"}],"replies":[{"embeddable":true,"href":"https:\/\/miurltemporal.com/main/triatletasenred.sport.es\/wp-json\/wp\/v2\/comments?post=72200"}],"version-history":[{"count":0,"href":"https:\/\/miurltemporal.com/main/triatletasenred.sport.es\/wp-json\/wp\/v2\/posts\/72200\/revisions"}],"wp:featuredmedia":[{"embeddable":true,"href":"https:\/\/miurltemporal.com/main/triatletasenred.sport.es\/wp-json\/wp\/v2\/media\/70059"}],"wp:attachment":[{"href":"https:\/\/miurltemporal.com/main/triatletasenred.sport.es\/wp-json\/wp\/v2\/media?parent=72200"}],"wp:term":[{"taxonomy":"category","embeddable":true,"href":"https:\/\/miurltemporal.com/main/triatletasenred.sport.es\/wp-json\/wp\/v2\/categories?post=72200"},{"taxonomy":"post_tag","embeddable":true,"href":"https:\/\/miurltemporal.com/main/triatletasenred.sport.es\/wp-json\/wp\/v2\/tags?post=72200"}],"curies":[{"name":"wp","href":"https:\/\/api.w.org\/{rel}","templated":true}]}}