{"id":72118,"date":"2021-02-08T13:59:30","date_gmt":"2021-02-08T12:59:30","guid":{"rendered":"https:\/\/miurltemporal.com/main/triatletasenred.sport.es\/?p=72118"},"modified":"2021-02-08T13:59:30","modified_gmt":"2021-02-08T12:59:30","slug":"valverde-team-inverse","status":"publish","type":"post","link":"https:\/\/miurltemporal.com/main/triatletasenred.sport.es\/actualidad\/valverde-team-inverse\/","title":{"rendered":"Inverse proveedor de las prendas oficiales los equipos de Valverde Team-Terra Fecundis"},"content":{"rendered":"<h3>El veterano corredor Alejandro Valverde se proclamo campe\u00f3n del mundo en Innsbruck con Inverse que ahora vuelve a colaborar con el ciclista murciano en su proyecto Valverde Team<\/h3>\n<p><\/a><\/p>\n<p>Un conjunto ciclista femenino, un bloque de \u00e9lite y sub-23 e incluso una escuela son el fruto del trabajo del <strong>Valverde Team-Terra Fecundis<\/strong>\u00a0tras 5 a\u00f1os de intenso trabajo de su manager, <strong>Juan Francisco Valverde<\/strong> y la implicaci\u00f3n del Campe\u00f3n del Mundo y alma mater del actual conjunto Movistar, <strong>Alejandro Valverde<\/strong><\/p>\n<p>Inverse, que ya apost\u00f3 en los inicios por este prometedor proyecto, pondr\u00e1 a disposici\u00f3n de los y las corredoras de los equipos del conjunto la nueva alta gama &#8220;AIR&#8221;. El patr\u00f3n ajustado y ultraligero combinado con el culotte considerado como uno de los mejores del mercado ser\u00e1n las nuevas armas para defender el nuevo tono azul del <strong>Valverde Team-Terra Fecundis<\/strong><\/p>\n<p><strong>Alejandro Valverde<\/strong>: <em>\u201cEs muy importante aprender los valores del sacrificio\u201d. \u201cEl patrocinio de Inverse aporta much\u00edsimo. Hace muchos a\u00f1os que nos conocemos, fu\u00ed campe\u00f3n del mundo con ropa de ellos, y la verdad que encantad\u00edsimo.\u201d \u201cEl hecho de que esten ah\u00ed d\u00e1ndolo todo al cien por cien todos los dem\u00e1s patrocinadoreses importante para seguir creciendo y seguir ayudando a todos los chicos\u201d. \u201cSi uno sue\u00f1a en llegar alto pues es dif\u00edcil pero se puede llegar. Que est\u00e9n animado, aunque es una \u00e9poca dif\u00edcil para animarse pero que sigan luchando porque se puede llegar\u201d.<\/em><\/p>\n<p><strong>Juan Francisco Valverde<\/strong>, manager del Valverde Team-Terra Fecundis: <em>\u201cAlejadro quer\u00eda devolver al ciclismo todo lo que ha dado, d\u00e1ndole a las nuevas generaciones la oportunidad de inciarse en el ciclismo y hacer lo que m\u00e1s les gusta\u201d<\/em><\/p>\n<p><strong>Joan Sabat\u00e9<\/strong>, gerente de Inverse:<em> \u201cSomos una empresa dedicada al ciclismo con 50 a\u00f1os de experiencia. Hemos apostado por el equipo Valverde Team-Terra Fecundis porque creemos en el potencial de sus equipos de \u00e9lite, sub 23, f\u00e9mina, cadetes, junior y, sobretodo, en su escuela de ciclismo, porque es un proyecto muy importante para que este deporte siga manteni\u00e9ndose en la \u00e9lite.\u201d<\/em><\/p>\n<p><iframe title=\"Inverse viste a los equipos de Valverde Team-Terra Fecundis\" width=\"696\" height=\"392\" src=\"https:\/\/www.youtube.com\/embed\/ohOLvOUuYHE?feature=oembed\" frameborder=\"0\" allow=\"accelerometer; autoplay; clipboard-write; encrypted-media; gyroscope; picture-in-picture\" allowfullscreen><\/iframe><\/p>\n<p>&nbsp;<\/p>\n","protected":false},"excerpt":{"rendered":"<p>El veterano corredor Alejandro Valverde se proclamo campe\u00f3n del mundo en Innsbruck con Inverse que ahora vuelve a colaborar con el ciclista murciano en su proyecto Valverde Team Un conjunto ciclista femenino, un bloque de \u00e9lite y sub-23 e incluso una escuela son el fruto del trabajo del Valverde Team-Terra Fecundis\u00a0tras 5 a\u00f1os de intenso [&hellip;]<\/p>\n","protected":false},"author":2,"featured_media":72120,"comment_status":"closed","ping_status":"closed","sticky":false,"template":"","format":"standard","meta":{"_acf_changed":false,"rank_math_lock_modified_date":false,"footnotes":""},"categories":[17],"tags":[6578,2056,8339],"class_list":{"0":"post-72118","1":"post","2":"type-post","3":"status-publish","4":"format-standard","5":"has-post-thumbnail","7":"category-actualidad","8":"tag-alejandro-valverde","9":"tag-inverse","10":"tag-valverde-team"},"acf":[],"_links":{"self":[{"href":"https:\/\/miurltemporal.com/main/triatletasenred.sport.es\/wp-json\/wp\/v2\/posts\/72118"}],"collection":[{"href":"https:\/\/miurltemporal.com/main/triatletasenred.sport.es\/wp-json\/wp\/v2\/posts"}],"about":[{"href":"https:\/\/miurltemporal.com/main/triatletasenred.sport.es\/wp-json\/wp\/v2\/types\/post"}],"author":[{"embeddable":true,"href":"https:\/\/miurltemporal.com/main/triatletasenred.sport.es\/wp-json\/wp\/v2\/users\/2"}],"replies":[{"embeddable":true,"href":"https:\/\/miurltemporal.com/main/triatletasenred.sport.es\/wp-json\/wp\/v2\/comments?post=72118"}],"version-history":[{"count":0,"href":"https:\/\/miurltemporal.com/main/triatletasenred.sport.es\/wp-json\/wp\/v2\/posts\/72118\/revisions"}],"wp:featuredmedia":[{"embeddable":true,"href":"https:\/\/miurltemporal.com/main/triatletasenred.sport.es\/wp-json\/wp\/v2\/media\/72120"}],"wp:attachment":[{"href":"https:\/\/miurltemporal.com/main/triatletasenred.sport.es\/wp-json\/wp\/v2\/media?parent=72118"}],"wp:term":[{"taxonomy":"category","embeddable":true,"href":"https:\/\/miurltemporal.com/main/triatletasenred.sport.es\/wp-json\/wp\/v2\/categories?post=72118"},{"taxonomy":"post_tag","embeddable":true,"href":"https:\/\/miurltemporal.com/main/triatletasenred.sport.es\/wp-json\/wp\/v2\/tags?post=72118"}],"curies":[{"name":"wp","href":"https:\/\/api.w.org\/{rel}","templated":true}]}}