{"id":72115,"date":"2021-02-08T13:52:33","date_gmt":"2021-02-08T12:52:33","guid":{"rendered":"https:\/\/miurltemporal.com/main/triatletasenred.sport.es\/?p=72115"},"modified":"2021-02-08T11:03:55","modified_gmt":"2021-02-08T10:03:55","slug":"alp-cerdanya-cycle-tour-2021","status":"publish","type":"post","link":"https:\/\/miurltemporal.com/main/triatletasenred.sport.es\/cicloturismo\/alp-cerdanya-cycle-tour-2021\/","title":{"rendered":"300 inscritos en poco m\u00e1s de 3 horas a la marcha cicloturista Alp Cerdanya Cycle Tour"},"content":{"rendered":"<h3>R\u00e9cord de inscritos en las primeras horas de la marcha cicloturista pionera en Catalunya en organizar eventos con protocolo COVID-19<\/h3>\n<p><\/a><\/p>\n<p>En un complicado 2020 la organizaci\u00f3n de la llamada #CicloExperiencia de los Pirineos consigui\u00f3 sacar adelante un evento con 800 ciclistas inscritos gracias a unas medidas estrictas y pioneras en la celebraci\u00f3n de eventos deportivos.<\/p>\n<p>Seis meses despu\u00e9s de su gesta, la marcha recoge el premio de la confianza de los y las cicloturistas consiguiendo superar la cifra de los 300 inscritos pocas horas despu\u00e9s de abrir el periodo de inscripciones.<\/p>\n<p>Detalle importante para esta cifra es la garant\u00eda de devoluci\u00f3n \u00edntegra a aquellos que se inscriban antes del 28 de febrero de 2021. La devoluci\u00f3n existir\u00e1 durante todo el periodo de inscripciones pero menguando el porcentaje. Un detalle sin duda de transparencia y confianza de la organizaci\u00f3n.<\/p>\n<p>La VI Alp Cerdanya Cycle Tour pretende recuperar el formato habitual ofreciendo las 3 cl\u00e1sicas distancias: Endurance, Medial y Sport.<\/p>\n<p>Destaca tambi\u00e9n el apoyo de marcas referentes como Nutrisport, Inverse o Canyon as\u00ed como de las Instituciones p\u00fablicas que apuestan por una competici\u00f3n sana y segura como el a\u00f1o anterior.<\/p>\n<p>El 25 de julio nos desplazaremos a Girona para disfrutar de las magnificas carreteras que forman el recorrido de la Alp Cerdanya Cycle Tour<\/p>\n<p><span class=\"td_btn td_btn_md td_default_btn\" style=\"color: #ffffff;\"><a style=\"color: #ffffff;\" href=\"http:\/\/lacerdanyacycletour.com\/inicio\/\" rel=\"nofollow noopener\" target=\"_blank\">WEB OFICIAL E INSCRIPCIONES<\/a><\/span><\/p>\n","protected":false},"excerpt":{"rendered":"<p>R\u00e9cord de inscritos en las primeras horas de la marcha cicloturista pionera en Catalunya en organizar eventos con protocolo COVID-19 En un complicado 2020 la organizaci\u00f3n de la llamada #CicloExperiencia de los Pirineos consigui\u00f3 sacar adelante un evento con 800 ciclistas inscritos gracias a unas medidas estrictas y pioneras en la celebraci\u00f3n de eventos deportivos. [&hellip;]<\/p>\n","protected":false},"author":2,"featured_media":72116,"comment_status":"closed","ping_status":"closed","sticky":false,"template":"","format":"standard","meta":{"_acf_changed":false,"rank_math_lock_modified_date":false,"footnotes":""},"categories":[17,2833],"tags":[8337,7931,8338],"class_list":{"0":"post-72115","1":"post","2":"type-post","3":"status-publish","4":"format-standard","5":"has-post-thumbnail","7":"category-actualidad","8":"category-cicloturismo","9":"tag-alp-cerdanya-2021","10":"tag-alp-cerdanya-cycle-tour","11":"tag-marcha-cicloturista-cerdanya"},"acf":[],"_links":{"self":[{"href":"https:\/\/miurltemporal.com/main/triatletasenred.sport.es\/wp-json\/wp\/v2\/posts\/72115"}],"collection":[{"href":"https:\/\/miurltemporal.com/main/triatletasenred.sport.es\/wp-json\/wp\/v2\/posts"}],"about":[{"href":"https:\/\/miurltemporal.com/main/triatletasenred.sport.es\/wp-json\/wp\/v2\/types\/post"}],"author":[{"embeddable":true,"href":"https:\/\/miurltemporal.com/main/triatletasenred.sport.es\/wp-json\/wp\/v2\/users\/2"}],"replies":[{"embeddable":true,"href":"https:\/\/miurltemporal.com/main/triatletasenred.sport.es\/wp-json\/wp\/v2\/comments?post=72115"}],"version-history":[{"count":0,"href":"https:\/\/miurltemporal.com/main/triatletasenred.sport.es\/wp-json\/wp\/v2\/posts\/72115\/revisions"}],"wp:featuredmedia":[{"embeddable":true,"href":"https:\/\/miurltemporal.com/main/triatletasenred.sport.es\/wp-json\/wp\/v2\/media\/72116"}],"wp:attachment":[{"href":"https:\/\/miurltemporal.com/main/triatletasenred.sport.es\/wp-json\/wp\/v2\/media?parent=72115"}],"wp:term":[{"taxonomy":"category","embeddable":true,"href":"https:\/\/miurltemporal.com/main/triatletasenred.sport.es\/wp-json\/wp\/v2\/categories?post=72115"},{"taxonomy":"post_tag","embeddable":true,"href":"https:\/\/miurltemporal.com/main/triatletasenred.sport.es\/wp-json\/wp\/v2\/tags?post=72115"}],"curies":[{"name":"wp","href":"https:\/\/api.w.org\/{rel}","templated":true}]}}