{"id":72055,"date":"2021-02-04T16:51:53","date_gmt":"2021-02-04T15:51:53","guid":{"rendered":"https:\/\/miurltemporal.com/main/triatletasenred.sport.es\/?p=72055"},"modified":"2021-02-04T16:52:59","modified_gmt":"2021-02-04T15:52:59","slug":"campeonato-europa-triatlon-bilbao","status":"publish","type":"post","link":"https:\/\/miurltemporal.com/main/triatletasenred.sport.es\/actualidad\/campeonato-europa-triatlon-bilbao\/","title":{"rendered":"Presentado el Europeo Multideporte de Triatl\u00f3n 2022 Bilbao Bizkaia"},"content":{"rendered":"<h3>Bilbao se consolida como capital del triatl\u00f3n de alta competici\u00f3n con la\u00a0 acogida del Campeonato de Europa Multideporte para 2022<\/h3>\n<p><a href=\"https:\/\/nutrisport.es\/\" rel=\"nofollow noopener\" target=\"_blank\"><img fetchpriority=\"high\" decoding=\"async\" class=\"aligncenter size-full wp-image-57465\" src=\"https:\/\/miurltemporal.com/main/triatletasenred.sport.es\/wp-content\/uploads\/BannerTriatl\u00f3n-750x100.jpg\" alt=\"\" width=\"750\" height=\"100\" srcset=\"https:\/\/miurltemporal.com/main/triatletasenred.sport.es\/wp-content\/uploads\/BannerTriatl\u00f3n-750x100.jpg 750w, https:\/\/miurltemporal.com/main/triatletasenred.sport.es\/wp-content\/uploads\/BannerTriatl\u00f3n-750x100-700x93.jpg 700w, https:\/\/miurltemporal.com/main/triatletasenred.sport.es\/wp-content\/uploads\/BannerTriatl\u00f3n-750x100-300x40.jpg 300w\" sizes=\"(max-width: 750px) 100vw, 750px\" \/><\/a><\/p>\n<p>Los mejores especialistas de Duatl\u00f3n, Duatl\u00f3n Cros, Acuatl\u00f3n, Triatl\u00f3n Cros, Triatl\u00f3n de Media Distancia y Aquabike, tienen una cita en Bilbao para el Europeo de 2022. Un a\u00f1o que esperamos que se desarrolle con normalidad desde el inicio.<\/p>\n<p>10 d\u00edas de puro disfrute para los amantes del mundo del trideporte, que inundar\u00e1n Bizkaia con deportistas de diferentes categor\u00edas, haciendo m\u00e1s hincapi\u00e9 que nunca en la inclusi\u00f3n del paratriatl\u00f3n como uno de las apuestas fuertes de la FETRI y el comit\u00e9 organizador del Europeo.<\/p>\n<p>A la cita acudir\u00e1n m\u00e1s de 3.000 deportistas, venidos de 30 pa\u00edses, a los que deben sumarse familiares y amigos que viajan con ellos y que podr\u00e1n disfrutar de la mejor gastronom\u00eda y paisajes del norte. Por ello, se prev\u00e9 un ingreso de 10 millones de euros.<\/p>\n<p>Se recalc\u00f3 adem\u00e1s, la necesidad de que los Campeonatos Europeos sean un ejemplo en t\u00e9rminos de sostenibilidad, en el mejor de los escenarios para reivindicar un deber de los triatletas con el medio ambiente.<\/p>\n<p>A la presentaci\u00f3n han asistido el Alcalde de Bilbao, <strong>Juan Mari Aburto<\/strong>, la Diputada de Promoci\u00f3n Econ\u00f3mica de Bizkaia, <strong>Ainara Basurko,<\/strong> junto <strong>Jos\u00e9 Hidalgo,<\/strong> presidente de la FETRI, la representante de la Federaci\u00f3n Europea, <strong>Alicia Garc\u00eda,<\/strong> y el Presidente de la Federaci\u00f3n Vasca de Triatl\u00f3n, <strong>Ib\u00e1n P\u00e9rez,<\/strong> por la parte deportiva.<\/p>\n<p>Tanto las autoridades locales como los \u00f3rganos deportivos se mostraban muy satisfechos de situar Bilbao Bizkaia como marca del triatl\u00f3n, a lo que <strong>Jos\u00e9 Hidalgo<\/strong> se refer\u00eda con las siguientes palabras: \u201c<em>Bilbao Bizkaia Triatl\u00f3n es mucho m\u00e1s que un proyecto deportivo, que por supuesto lo es y es lo que nos mueve, un gran evento deportivo europeo. [&#8230;] <\/em><em>\u201cEste Campeonato de Europa <\/em>de Triatl\u00f3n Multideporte va a<em> posicionar a Bilbao, a <\/em><em>\u00a0Bizkaia, y a sus tesoros naturales como puntos de referencia del triatl\u00f3n europeo.&#8221;<\/em><\/p>\n<div class=\"youtube-embed\" data-video_id=\"opAFHND1jy4\"><iframe title=\"TRIATL\u00d3N EN VENA \ud83d\udc89. T01E04  Campeonato de Espa\u00f1a Bilbao 2020\" width=\"696\" height=\"392\" src=\"https:\/\/www.youtube.com\/embed\/opAFHND1jy4?start=518&#038;feature=oembed\" frameborder=\"0\" allow=\"accelerometer; autoplay; clipboard-write; encrypted-media; gyroscope; picture-in-picture; web-share\" referrerpolicy=\"strict-origin-when-cross-origin\" allowfullscreen><\/iframe><\/div>\n","protected":false},"excerpt":{"rendered":"<p>Bilbao se consolida como capital del triatl\u00f3n de alta competici\u00f3n con la\u00a0 acogida del Campeonato de Europa Multideporte para 2022 Los mejores especialistas de Duatl\u00f3n, Duatl\u00f3n Cros, Acuatl\u00f3n, Triatl\u00f3n Cros, Triatl\u00f3n de Media Distancia y Aquabike, tienen una cita en Bilbao para el Europeo de 2022. Un a\u00f1o que esperamos que se desarrolle con normalidad [&hellip;]<\/p>\n","protected":false},"author":309,"featured_media":72056,"comment_status":"closed","ping_status":"closed","sticky":false,"template":"","format":"standard","meta":{"_acf_changed":false,"rank_math_lock_modified_date":false,"footnotes":""},"categories":[17],"tags":[8330,565],"class_list":{"0":"post-72055","1":"post","2":"type-post","3":"status-publish","4":"format-standard","5":"has-post-thumbnail","7":"category-actualidad","8":"tag-campeonato-de-europa-bizkaia","9":"tag-fetri"},"acf":[],"_links":{"self":[{"href":"https:\/\/miurltemporal.com/main/triatletasenred.sport.es\/wp-json\/wp\/v2\/posts\/72055"}],"collection":[{"href":"https:\/\/miurltemporal.com/main/triatletasenred.sport.es\/wp-json\/wp\/v2\/posts"}],"about":[{"href":"https:\/\/miurltemporal.com/main/triatletasenred.sport.es\/wp-json\/wp\/v2\/types\/post"}],"author":[{"embeddable":true,"href":"https:\/\/miurltemporal.com/main/triatletasenred.sport.es\/wp-json\/wp\/v2\/users\/309"}],"replies":[{"embeddable":true,"href":"https:\/\/miurltemporal.com/main/triatletasenred.sport.es\/wp-json\/wp\/v2\/comments?post=72055"}],"version-history":[{"count":0,"href":"https:\/\/miurltemporal.com/main/triatletasenred.sport.es\/wp-json\/wp\/v2\/posts\/72055\/revisions"}],"wp:featuredmedia":[{"embeddable":true,"href":"https:\/\/miurltemporal.com/main/triatletasenred.sport.es\/wp-json\/wp\/v2\/media\/72056"}],"wp:attachment":[{"href":"https:\/\/miurltemporal.com/main/triatletasenred.sport.es\/wp-json\/wp\/v2\/media?parent=72055"}],"wp:term":[{"taxonomy":"category","embeddable":true,"href":"https:\/\/miurltemporal.com/main/triatletasenred.sport.es\/wp-json\/wp\/v2\/categories?post=72055"},{"taxonomy":"post_tag","embeddable":true,"href":"https:\/\/miurltemporal.com/main/triatletasenred.sport.es\/wp-json\/wp\/v2\/tags?post=72055"}],"curies":[{"name":"wp","href":"https:\/\/api.w.org\/{rel}","templated":true}]}}