{"id":71979,"date":"2021-02-01T07:00:05","date_gmt":"2021-02-01T06:00:05","guid":{"rendered":"https:\/\/miurltemporal.com/main/triatletasenred.sport.es\/?p=71979"},"modified":"2021-02-01T07:48:29","modified_gmt":"2021-02-01T06:48:29","slug":"ciclista-herido-cazador","status":"publish","type":"post","link":"https:\/\/miurltemporal.com/main/triatletasenred.sport.es\/actualidad\/ciclista-herido-cazador\/","title":{"rendered":"Un ciclista resulta herido de un disparo por un cazador"},"content":{"rendered":"<h3>Una batida de jabal\u00edes organizada por el consistorio de Massanes, acaba con un ciclista herido en la pierna por el tiro de un cazador<\/h3>\n<p><\/a>La provincia de Girona vuelve a ser noticia por el<strong> infortunio de los ciclistas<\/strong>, por segundo d\u00eda seguido.<\/p>\n<p>Esta vez, la mala praxis de un cazador de la zona de la Selva, hac\u00eda que un ciclista que se encontraba en la carretera de Ma\u00e7anet a Riuclar,<strong> fuese herido de un disparo en la pierna,<\/strong> y con la consecuente ca\u00edda, tambi\u00e9n en la mano.<\/p>\n<p>El ayuntamiento de Massanes organiza peri\u00f3dicamente una batida para controlar la poblaci\u00f3n de estos mam\u00edferos que prolifera en la zona, aunque la caza de estos se haga libremente y llegando a las inmediaciones de la carretera.<\/p>\n<p>Fueron<strong> los mismos cazadores quienes avisaron a los servicios de emergencia,<\/strong> cuya dotaci\u00f3n se tuvo que desplazar al lugar de los hechos en helic\u00f3ptero, ya que se trataba de una zona de dif\u00edcil acceso.<\/p>\n<p>El ciclista herido<strong> fue trasladado en helic\u00f3pterp al Hospital Josep Trueta de Girona<\/strong>, y por lo que respeta al cazador, se le decomis\u00f3 el arma, adem\u00e1s de someterle al test de alcoholemia, que sali\u00f3 negativo.<\/p>\n<p>Los agentes rurales y los Mossos investigan el suceso. Inicialmente lo tratan como un accidente, si bien no se descarta que el cazador haya actuado de forma imprudente, lo que habr\u00e1 que investigar.<\/p>\n<p>No es la primera vez que el mundo del ciclismo vive un episodio as\u00ed. Hace 2 a\u00f1os, un ciclista gal\u00e9s que se encontraba pedaleando con su BTT en los alpes franceses, fue muerto por un cazador cuando este lo confundi\u00f3 con un jabal\u00ed.<\/p>\n<p>Los hechos ocurren el d\u00eda despu\u00e9s de que un hombre que recog\u00eda pi\u00f1as, fuese muerto por el tiro de un cazador, cerca de Barcelona, y que lament\u00e1ramos <a href=\"https:\/\/miurltemporal.com/main/triatletasenred.sport.es\/actualidad\/sergi-murga-atropellado\/\">la muerte de Sergi Murga<\/a>.<\/p>\n<div class=\"youtube-embed\" data-video_id=\"MzqXhQuHVBQ\"><iframe title=\"Aer\u00f3dinamica en triatl\u00f3n. \ud83d\uded1 NO TODO VALE \ud83d\uded1\" width=\"696\" height=\"392\" src=\"https:\/\/www.youtube.com\/embed\/MzqXhQuHVBQ?start=18&#038;feature=oembed\" frameborder=\"0\" allow=\"accelerometer; autoplay; clipboard-write; encrypted-media; gyroscope; picture-in-picture; web-share\" referrerpolicy=\"strict-origin-when-cross-origin\" allowfullscreen><\/iframe><\/div>\n<p>&nbsp;<\/p>\n","protected":false},"excerpt":{"rendered":"<p>Una batida de jabal\u00edes organizada por el consistorio de Massanes, acaba con un ciclista herido en la pierna por el tiro de un cazador La provincia de Girona vuelve a ser noticia por el infortunio de los ciclistas, por segundo d\u00eda seguido. Esta vez, la mala praxis de un cazador de la zona de la [&hellip;]<\/p>\n","protected":false},"author":309,"featured_media":71986,"comment_status":"closed","ping_status":"closed","sticky":false,"template":"","format":"standard","meta":{"_acf_changed":false,"rank_math_lock_modified_date":false,"footnotes":""},"categories":[17],"tags":[8317,4484],"class_list":{"0":"post-71979","1":"post","2":"type-post","3":"status-publish","4":"format-standard","5":"has-post-thumbnail","7":"category-actualidad","8":"tag-cazador-hiere-ciclista","9":"tag-respeto-al-ciclista"},"acf":[],"_links":{"self":[{"href":"https:\/\/miurltemporal.com/main/triatletasenred.sport.es\/wp-json\/wp\/v2\/posts\/71979"}],"collection":[{"href":"https:\/\/miurltemporal.com/main/triatletasenred.sport.es\/wp-json\/wp\/v2\/posts"}],"about":[{"href":"https:\/\/miurltemporal.com/main/triatletasenred.sport.es\/wp-json\/wp\/v2\/types\/post"}],"author":[{"embeddable":true,"href":"https:\/\/miurltemporal.com/main/triatletasenred.sport.es\/wp-json\/wp\/v2\/users\/309"}],"replies":[{"embeddable":true,"href":"https:\/\/miurltemporal.com/main/triatletasenred.sport.es\/wp-json\/wp\/v2\/comments?post=71979"}],"version-history":[{"count":0,"href":"https:\/\/miurltemporal.com/main/triatletasenred.sport.es\/wp-json\/wp\/v2\/posts\/71979\/revisions"}],"wp:featuredmedia":[{"embeddable":true,"href":"https:\/\/miurltemporal.com/main/triatletasenred.sport.es\/wp-json\/wp\/v2\/media\/71986"}],"wp:attachment":[{"href":"https:\/\/miurltemporal.com/main/triatletasenred.sport.es\/wp-json\/wp\/v2\/media?parent=71979"}],"wp:term":[{"taxonomy":"category","embeddable":true,"href":"https:\/\/miurltemporal.com/main/triatletasenred.sport.es\/wp-json\/wp\/v2\/categories?post=71979"},{"taxonomy":"post_tag","embeddable":true,"href":"https:\/\/miurltemporal.com/main/triatletasenred.sport.es\/wp-json\/wp\/v2\/tags?post=71979"}],"curies":[{"name":"wp","href":"https:\/\/api.w.org\/{rel}","templated":true}]}}