{"id":71506,"date":"2020-12-17T20:55:48","date_gmt":"2020-12-17T19:55:48","guid":{"rendered":"https:\/\/miurltemporal.com/main/triatletasenred.sport.es\/?p=71506"},"modified":"2020-12-17T20:57:29","modified_gmt":"2020-12-17T19:57:29","slug":"robo-specialized","status":"publish","type":"post","link":"https:\/\/miurltemporal.com/main/triatletasenred.sport.es\/actualidad\/robo-specialized\/","title":{"rendered":"Atraco &#8220;a lo grande&#8221; en la sede de Specialized.  Robaron sus bicis m\u00e1s exclusivas estimadas en 130.000\u20ac"},"content":{"rendered":"<h3>Hasta 16 bicis han sido sustra\u00eddas del centro de Specialized en California, incluida la que us\u00f3 el tres veces campe\u00f3n del mundo para ganar en \u201cEl Infierno del Norte\u201d y una cabra de Tony Martin.<\/h3>\n<p><a href=\"https:\/\/www.finisher.es\" rel=\"nofollow noopener\" target=\"_blank\"><img fetchpriority=\"high\" decoding=\"async\" class=\"aligncenter size-full wp-image-65225\" src=\"https:\/\/miurltemporal.com/main/triatletasenred.sport.es\/wp-content\/uploads\/banner_finisher_articles.gif\" alt=\"\" width=\"700\" height=\"150\" \/><\/a><\/p>\n<p>La tarde del <strong>pasado 13 de diciembre<\/strong>, un grupo de ladrones se col\u00f3 en la sede de la marca de la S rasgada, haci\u00e9ndose con 16 bicicletas de alta gama y otros tantos exclusivos productos. Entre ellos \u00a0la codiciada bici \u00a0con la que Sagan gan\u00f3 la Par\u00eds Roubaix en 2018.<\/p>\n<p>Adem\u00e1s, se llevaron varias bicis de monta\u00f1a Stumpjumper, propiedad del fundador de la empresa, un prototipo de bici de carretera <strong>con doble suspensi\u00f3n<\/strong> que a\u00fan no hab\u00eda sido presentada en sociedad y la Specialized la Shiv con la que Tony Martin corri\u00f3 en los Juegos Ol\u00edmpcios de Londres 2012.<\/p>\n<p>El cuerpo de Polic\u00eda de Morgan Hill ha publicado el siguiente comunicado al respecto: &#8220;<em>Sospechosos desconocidos forzaron la entrada del edificio durante el d\u00eda y robaron varias bicicletas de alto valor. Las bicicletas robadas eran parte de una gran colecci\u00f3n de prototipos \u00fanicos bicicletas ganadoras de carreras y de propiedad personal que Specialized ten\u00eda en exhibici\u00f3n en su edificio. El valor total de la propiedad robada se estima en aproximadamente 160.000 d\u00f3lares americanos<\/em>&#8220;.<\/p>\n<p>Golpe duro m\u00e1s en lo sentimental que en lo econ\u00f3mico para la marca que apoya desde hace a\u00f1os a nuestra Capit\u00e1n.<\/p>\n","protected":false},"excerpt":{"rendered":"<p>Dur\u00f3 reves para la marca americana que ha visto como algunas de sus bicis y prototipos han volado de su f\u00e1brica.<\/p>\n","protected":false},"author":2,"featured_media":61084,"comment_status":"closed","ping_status":"closed","sticky":false,"template":"","format":"standard","meta":{"_acf_changed":false,"rank_math_lock_modified_date":false,"footnotes":""},"categories":[17,16],"tags":[8241],"class_list":{"0":"post-71506","1":"post","2":"type-post","3":"status-publish","4":"format-standard","5":"has-post-thumbnail","7":"category-actualidad","8":"category-en-red","9":"tag-robo-specialidez"},"acf":[],"_links":{"self":[{"href":"https:\/\/miurltemporal.com/main/triatletasenred.sport.es\/wp-json\/wp\/v2\/posts\/71506"}],"collection":[{"href":"https:\/\/miurltemporal.com/main/triatletasenred.sport.es\/wp-json\/wp\/v2\/posts"}],"about":[{"href":"https:\/\/miurltemporal.com/main/triatletasenred.sport.es\/wp-json\/wp\/v2\/types\/post"}],"author":[{"embeddable":true,"href":"https:\/\/miurltemporal.com/main/triatletasenred.sport.es\/wp-json\/wp\/v2\/users\/2"}],"replies":[{"embeddable":true,"href":"https:\/\/miurltemporal.com/main/triatletasenred.sport.es\/wp-json\/wp\/v2\/comments?post=71506"}],"version-history":[{"count":0,"href":"https:\/\/miurltemporal.com/main/triatletasenred.sport.es\/wp-json\/wp\/v2\/posts\/71506\/revisions"}],"wp:featuredmedia":[{"embeddable":true,"href":"https:\/\/miurltemporal.com/main/triatletasenred.sport.es\/wp-json\/wp\/v2\/media\/61084"}],"wp:attachment":[{"href":"https:\/\/miurltemporal.com/main/triatletasenred.sport.es\/wp-json\/wp\/v2\/media?parent=71506"}],"wp:term":[{"taxonomy":"category","embeddable":true,"href":"https:\/\/miurltemporal.com/main/triatletasenred.sport.es\/wp-json\/wp\/v2\/categories?post=71506"},{"taxonomy":"post_tag","embeddable":true,"href":"https:\/\/miurltemporal.com/main/triatletasenred.sport.es\/wp-json\/wp\/v2\/tags?post=71506"}],"curies":[{"name":"wp","href":"https:\/\/api.w.org\/{rel}","templated":true}]}}