{"id":71459,"date":"2020-12-15T11:38:11","date_gmt":"2020-12-15T10:38:11","guid":{"rendered":"https:\/\/miurltemporal.com/main/triatletasenred.sport.es\/?p=71459"},"modified":"2020-12-15T11:38:11","modified_gmt":"2020-12-15T10:38:11","slug":"frodeno-fund","status":"publish","type":"post","link":"https:\/\/miurltemporal.com/main/triatletasenred.sport.es\/actualidad\/frodeno-fund\/","title":{"rendered":"Frodeno Fun(d) , la loable iniciativa ben\u00e9fica de Jan Frodeno con sede en Girona"},"content":{"rendered":"<h2>Frodeno Fun(d) pone de manifiesto la versi\u00f3n m\u00e1s solidaria del multicampe\u00f3n germano en una iniciativa que tuvo su embri\u00f3n durante el confinamiento<\/h2>\n<p><a href=\"https:\/\/www.canyon.com\/es-es\/road-bikes\/triathlon-bikes\/speedmax\/?utm_medium=special-interest-online&amp;utm_source=triatletasenred&amp;utm_campaign=c0402-bike_launch-launch_speedmax\" rel=\"nofollow noopener\" target=\"_blank\"><img fetchpriority=\"high\" decoding=\"async\" class=\"aligncenter size-full wp-image-71036\" src=\"https:\/\/miurltemporal.com/main/triatletasenred.sport.es\/wp-content\/uploads\/canyon-2021.gif\" alt=\"\" width=\"750\" height=\"100\" \/><\/a><\/p>\n<p><strong>La Frodeno Fun(d)<\/strong> tendr\u00e1 sede en Girona, su lugar de residencia y el escenario donde se han gestado los grandes triunfos de <strong>Jan Frodeno<\/strong> en los \u00faltimos a\u00f1os y tiene como objetivo recoger fondos y organizar iniciativas de ayuda a la comunidad.<\/p>\n<p>La iniciativa surge del <a href=\"https:\/\/miurltemporal.com/main/triatletasenred.sport.es\/actualidad\/jan-frodeno-ironman-en-casa\/\">reto ben\u00e9fico que Frodo lanz\u00f3 durante el confinamiento<\/a> con su IRONMAN AT HOME mediante el que recaud\u00f3 m\u00e1s de 190000\u20ac para los hospitales de Girona.<\/p>\n<p>Ahora, el proyecto crece y a trav\u00e9s de la Frodeno Fun (d) ni\u00f1os y adolescentes en situaciones de exclusi\u00f3n social, podr\u00e1n mejorar su situaci\u00f3n actual con el eje conductor de la bicicleta y el deporte.<\/p>\n<p>El proyecto ha arrancado fuerte con 6 escuelas que se pondr\u00e1n en funcionamiento en 2021 con la colaboraci\u00f3n de Laureus Sport For Good y la puesta en marcha de un Pump Track en la localidad de Salt que ser\u00e1 el centro de operaciones de la Frodeno Fun (d).<\/p>\n<p>Sin duda una gran iniciativa a la que estaremos muy atentos para dar la m\u00e1xima difusi\u00f3n posible.<\/p>\n<div class=\"nZSzR\">\n<h2 class=\"_7UhW9 fKFbl yUEEX KV-D4 fDxYl \"><\/h2>\n<div class=\" Igw0E IwRSH eGOV_ ybXk5 _4EzTm \">\n<div class=\" Igw0E IwRSH eGOV_ ybXk5 _4EzTm \">\n<div class=\"BY3EC \">\n<div class=\" Igw0E IwRSH eGOV_ _4EzTm \">\n<p><span class=\"FLeXg bqE32\"><span class=\"vBF20 _1OSdk\"><button class=\"_5f5mN jIbKX _6VtSN yZn4P \">Seguir<\/button><\/span><button class=\"_5f5mN jIbKX KUBKM yZn4P \"><\/button><\/span><\/p>\n<div class=\"OfoBO\">\n<div class=\"_5fEvj coreSpriteDropdownArrowWhite\"><\/div>\n<\/div>\n<\/div>\n<\/div>\n<\/div>\n<\/div>\n<div class=\"AFWDX\">\n<div class=\"QBdPU \"><\/div>\n<\/div>\n<\/div>\n<blockquote class=\"instagram-media\" style=\"background: #FFF; border: 0; border-radius: 3px; box-shadow: 0 0 1px 0 rgba(0,0,0,0.5),0 1px 10px 0 rgba(0,0,0,0.15); margin: 1px; max-width: 540px; min-width: 326px; padding: 0; width: calc(100% - 2px);\" data-instgrm-captioned=\"\" data-instgrm-permalink=\"https:\/\/www.instagram.com\/p\/CIz52y-hYtq\/?utm_source=ig_embed&amp;utm_campaign=loading\" data-instgrm-version=\"13\">\n<div style=\"padding: 16px;\">\n<p>&nbsp;<\/p>\n<div style=\"display: flex; flex-direction: row; align-items: center;\">\n<div style=\"background-color: #f4f4f4; border-radius: 50%; flex-grow: 0; height: 40px; margin-right: 14px; width: 40px;\"><\/div>\n<div style=\"display: flex; flex-direction: column; flex-grow: 1; justify-content: center;\">\n<div style=\"background-color: #f4f4f4; border-radius: 4px; flex-grow: 0; height: 14px; margin-bottom: 6px; width: 100px;\"><\/div>\n<div style=\"background-color: #f4f4f4; border-radius: 4px; flex-grow: 0; height: 14px; width: 60px;\"><\/div>\n<\/div>\n<\/div>\n<div style=\"padding: 19% 0;\"><\/div>\n<div style=\"display: block; height: 50px; margin: 0 auto 12px; width: 50px;\"><\/div>\n<div style=\"padding-top: 8px;\">\n<div style=\"color: #3897f0; font-family: Arial,sans-serif; font-size: 14px; font-style: normal; font-weight: 550; line-height: 18px;\">Ver esta publicaci\u00f3n en Instagram<\/div>\n<\/div>\n<div style=\"padding: 12.5% 0;\"><\/div>\n<div style=\"display: flex; flex-direction: row; margin-bottom: 14px; align-items: center;\">\n<div>\n<div style=\"background-color: #f4f4f4; border-radius: 50%; height: 12.5px; width: 12.5px; transform: translateX(0px) translateY(7px);\"><\/div>\n<div style=\"background-color: #f4f4f4; height: 12.5px; transform: rotate(-45deg) translateX(3px) translateY(1px); width: 12.5px; flex-grow: 0; margin-right: 14px; margin-left: 2px;\"><\/div>\n<div style=\"background-color: #f4f4f4; border-radius: 50%; height: 12.5px; width: 12.5px; transform: translateX(9px) translateY(-18px);\"><\/div>\n<\/div>\n<div style=\"margin-left: 8px;\">\n<div style=\"background-color: #f4f4f4; border-radius: 50%; flex-grow: 0; height: 20px; width: 20px;\"><\/div>\n<div style=\"width: 0; height: 0; border-top: 2px solid transparent; border-left: 6px solid #f4f4f4; border-bottom: 2px solid transparent; transform: translateX(16px) translateY(-4px) rotate(30deg);\"><\/div>\n<\/div>\n<div style=\"margin-left: auto;\">\n<div style=\"width: 0px; border-top: 8px solid #F4F4F4; border-right: 8px solid transparent; transform: translateY(16px);\"><\/div>\n<div style=\"background-color: #f4f4f4; flex-grow: 0; height: 12px; width: 16px; transform: translateY(-4px);\"><\/div>\n<div style=\"width: 0; height: 0; border-top: 8px solid #F4F4F4; border-left: 8px solid transparent; transform: translateY(-4px) translateX(8px);\"><\/div>\n<\/div>\n<\/div>\n<div style=\"display: flex; flex-direction: column; flex-grow: 1; justify-content: center; margin-bottom: 24px;\">\n<div style=\"background-color: #f4f4f4; border-radius: 4px; flex-grow: 0; height: 14px; margin-bottom: 6px; width: 224px;\"><\/div>\n<div style=\"background-color: #f4f4f4; border-radius: 4px; flex-grow: 0; height: 14px; width: 144px;\"><\/div>\n<\/div>\n<p>&nbsp;<\/p>\n<p style=\"color: #c9c8cd; font-family: Arial,sans-serif; font-size: 14px; line-height: 17px; margin-bottom: 0; margin-top: 8px; overflow: hidden; padding: 8px 0 7px; text-align: center; text-overflow: ellipsis; white-space: nowrap;\"><a style=\"color: #c9c8cd; font-family: Arial,sans-serif; font-size: 14px; font-style: normal; font-weight: normal; line-height: 17px; text-decoration: none;\" href=\"https:\/\/www.instagram.com\/p\/CIz52y-hYtq\/?utm_source=ig_embed&amp;utm_campaign=loading\" target=\"_blank\" rel=\"noopener noreferrer nofollow\">Una publicaci\u00f3n compartida de Jan Frodeno (@janfrodeno)<\/a><\/p>\n<\/div>\n<\/blockquote>\n<p><script async src=\"https:\/\/www.instagram.com\/embed.js\"><\/script><\/p>\n","protected":false},"excerpt":{"rendered":"<p>Frodeno Fun(d) pone de manifiesto la versi\u00f3n m\u00e1s solidaria del multicampe\u00f3n germano en una iniciativa que tuvo su embri\u00f3n durante el confinamiento La Frodeno Fun(d) tendr\u00e1 sede en Girona, su lugar de residencia y el escenario donde se han gestado los grandes triunfos de Jan Frodeno en los \u00faltimos a\u00f1os y tiene como objetivo recoger [&hellip;]<\/p>\n","protected":false},"author":2,"featured_media":71460,"comment_status":"closed","ping_status":"closed","sticky":false,"template":"","format":"standard","meta":{"_acf_changed":false,"rank_math_lock_modified_date":false,"footnotes":""},"categories":[17,2033],"tags":[8236,8237,8238],"class_list":{"0":"post-71459","1":"post","2":"type-post","3":"status-publish","4":"format-standard","5":"has-post-thumbnail","7":"category-actualidad","8":"category-sport","9":"tag-frodeno-fun-d","10":"tag-fundacion-jan-frodeno","11":"tag-jan-frodeno-solidaridad"},"acf":[],"_links":{"self":[{"href":"https:\/\/miurltemporal.com/main/triatletasenred.sport.es\/wp-json\/wp\/v2\/posts\/71459"}],"collection":[{"href":"https:\/\/miurltemporal.com/main/triatletasenred.sport.es\/wp-json\/wp\/v2\/posts"}],"about":[{"href":"https:\/\/miurltemporal.com/main/triatletasenred.sport.es\/wp-json\/wp\/v2\/types\/post"}],"author":[{"embeddable":true,"href":"https:\/\/miurltemporal.com/main/triatletasenred.sport.es\/wp-json\/wp\/v2\/users\/2"}],"replies":[{"embeddable":true,"href":"https:\/\/miurltemporal.com/main/triatletasenred.sport.es\/wp-json\/wp\/v2\/comments?post=71459"}],"version-history":[{"count":0,"href":"https:\/\/miurltemporal.com/main/triatletasenred.sport.es\/wp-json\/wp\/v2\/posts\/71459\/revisions"}],"wp:featuredmedia":[{"embeddable":true,"href":"https:\/\/miurltemporal.com/main/triatletasenred.sport.es\/wp-json\/wp\/v2\/media\/71460"}],"wp:attachment":[{"href":"https:\/\/miurltemporal.com/main/triatletasenred.sport.es\/wp-json\/wp\/v2\/media?parent=71459"}],"wp:term":[{"taxonomy":"category","embeddable":true,"href":"https:\/\/miurltemporal.com/main/triatletasenred.sport.es\/wp-json\/wp\/v2\/categories?post=71459"},{"taxonomy":"post_tag","embeddable":true,"href":"https:\/\/miurltemporal.com/main/triatletasenred.sport.es\/wp-json\/wp\/v2\/tags?post=71459"}],"curies":[{"name":"wp","href":"https:\/\/api.w.org\/{rel}","templated":true}]}}