{"id":71256,"date":"2020-11-30T12:32:09","date_gmt":"2020-11-30T11:32:09","guid":{"rendered":"https:\/\/miurltemporal.com/main/triatletasenred.sport.es\/?p=71256"},"modified":"2020-11-30T12:34:17","modified_gmt":"2020-11-30T11:34:17","slug":"marisol-casado-presidenta-itu","status":"publish","type":"post","link":"https:\/\/miurltemporal.com/main/triatletasenred.sport.es\/actualidad\/marisol-casado-presidenta-itu\/","title":{"rendered":"Marisol Casado reelegida presidenta de la ITU 4 a\u00f1os m\u00e1s"},"content":{"rendered":"<h3>La madrile\u00f1a se ha impuesto por el doble de votos que su oponente, y seguir\u00e1 al frente del m\u00e1ximo \u00f3rgano mundial durante 4 a\u00f1os m\u00e1s<\/h3>\n<p><\/a><\/p>\n<p>Tras la reelecci\u00f3n, Casado se mostraba muy agradecida por la confianza, y declaraba: &#8220;encantada de recibir este voto de confianza de nuestros miembros que es un reconocimiento de todo el arduo trabajo que hemos estado haciendo para asegurar el lugar leg\u00edtimo del triatl\u00f3n entre los deportes m\u00e1s populares y de m\u00e1s r\u00e1pido crecimiento en el mundo&#8221;. El plan de Marisol tiene un claro objetivo: &#8220;hacer que el Triatl\u00f3n Mundial sea a\u00fan m\u00e1s fuerte.&#8221;<\/p>\n<p>Asimismo, se refiri\u00f3 a su rival pol\u00edtico <strong>Mads Freund, <\/strong>con las siguientes palabras:\u00a0&#8220;comparte mi pasi\u00f3n por nuestro deporte y prometo asumir los puntos que su candidatura plante\u00f3, as\u00ed como todo lo que ha salido de las discusiones con las Federaciones Nacionales y las Confederaciones Continentales&#8221;.<\/p>\n<p>Por su parte,\u00a0<b>Jos\u00e9 Hidalgo<\/b>, presidente de la FETRI, se mostraba feliz por la reelecci\u00f3n, que se suman a los votos recibidos por <b>Alicia Garc\u00eda, <\/b>candidata al Comit\u00e9 de Multideporte, y\u00a0<b>Jorge Garc\u00eda <\/b>2\u00ba en el Comit\u00e9 T\u00e9cnico.<\/p>\n<p>Los otros dos candidatos espa\u00f1oles, el seleccionador <b>I\u00f1aki Arenal<\/b>\u00a0y\u00a0<b>Susana Rodr\u00edguez<\/b>\u00a0finalmente no han entrado en los comit\u00e9s de Entrenadores y M\u00e9dico, respectivamente.<\/p>\n","protected":false},"excerpt":{"rendered":"<p>La madrile\u00f1a se ha impuesto por el doble de votos que su oponente, y seguir\u00e1 al frente del m\u00e1ximo \u00f3rgano mundial durante 4 a\u00f1os m\u00e1s Tras la reelecci\u00f3n, Casado se mostraba muy agradecida por la confianza, y declaraba: &#8220;encantada de recibir este voto de confianza de nuestros miembros que es un reconocimiento de todo el [&hellip;]<\/p>\n","protected":false},"author":309,"featured_media":71257,"comment_status":"closed","ping_status":"closed","sticky":false,"template":"","format":"standard","meta":{"_acf_changed":false,"rank_math_lock_modified_date":false,"footnotes":""},"categories":[17],"tags":[930,2513],"class_list":{"0":"post-71256","1":"post","2":"type-post","3":"status-publish","4":"format-standard","5":"has-post-thumbnail","7":"category-actualidad","8":"tag-itu","9":"tag-marisol-casado"},"acf":[],"_links":{"self":[{"href":"https:\/\/miurltemporal.com/main/triatletasenred.sport.es\/wp-json\/wp\/v2\/posts\/71256"}],"collection":[{"href":"https:\/\/miurltemporal.com/main/triatletasenred.sport.es\/wp-json\/wp\/v2\/posts"}],"about":[{"href":"https:\/\/miurltemporal.com/main/triatletasenred.sport.es\/wp-json\/wp\/v2\/types\/post"}],"author":[{"embeddable":true,"href":"https:\/\/miurltemporal.com/main/triatletasenred.sport.es\/wp-json\/wp\/v2\/users\/309"}],"replies":[{"embeddable":true,"href":"https:\/\/miurltemporal.com/main/triatletasenred.sport.es\/wp-json\/wp\/v2\/comments?post=71256"}],"version-history":[{"count":0,"href":"https:\/\/miurltemporal.com/main/triatletasenred.sport.es\/wp-json\/wp\/v2\/posts\/71256\/revisions"}],"wp:featuredmedia":[{"embeddable":true,"href":"https:\/\/miurltemporal.com/main/triatletasenred.sport.es\/wp-json\/wp\/v2\/media\/71257"}],"wp:attachment":[{"href":"https:\/\/miurltemporal.com/main/triatletasenred.sport.es\/wp-json\/wp\/v2\/media?parent=71256"}],"wp:term":[{"taxonomy":"category","embeddable":true,"href":"https:\/\/miurltemporal.com/main/triatletasenred.sport.es\/wp-json\/wp\/v2\/categories?post=71256"},{"taxonomy":"post_tag","embeddable":true,"href":"https:\/\/miurltemporal.com/main/triatletasenred.sport.es\/wp-json\/wp\/v2\/tags?post=71256"}],"curies":[{"name":"wp","href":"https:\/\/api.w.org\/{rel}","templated":true}]}}