{"id":70661,"date":"2020-10-25T17:33:48","date_gmt":"2020-10-25T16:33:48","guid":{"rendered":"https:\/\/miurltemporal.com/main/triatletasenred.sport.es\/?p=70661"},"modified":"2020-10-25T17:33:48","modified_gmt":"2020-10-25T16:33:48","slug":"sara-loehr-y-pello-osoro-ganan-el-campeonato-de-espana-de-duatlon-md","status":"publish","type":"post","link":"https:\/\/miurltemporal.com/main/triatletasenred.sport.es\/actualidad\/sara-loehr-y-pello-osoro-ganan-el-campeonato-de-espana-de-duatlon-md\/","title":{"rendered":"Sara L\u00f6ehr y Pello Osoro ganan el Campeonato de Espa\u00f1a de Duatl\u00f3n MD"},"content":{"rendered":"<h3>Los favoritos imponen su ley en Soria, en la que podr\u00eda ser la \u00faltima parada de la Liga Nacional de Duatl\u00f3n a falta de saber si se celebrar\u00e1 \u00c1guilas<\/h3>\n<p><\/a><\/p>\n<p>La prueba duatl\u00e9tica m\u00e1s larga del a\u00f1o cerraba un intenso fin de semana en Soria, con el Estadio de los Pajaritos repitiendo como la sede segura de los Campeonatos de Espa\u00f1a.<\/p>\n<p>La temperatura y el clima terminaban por ser benevolentes en comparaci\u00f3n con la previsi\u00f3n que auguraba la \u00e9pica con viento, fr\u00edo y lluvia, que terminar\u00edan por ser suaves.<\/p>\n<p>En categor\u00eda femenina, triunfo para <strong>Sara L\u00f6ehr. <\/strong>La de Vilafranca cierra un ciclo competitivo de la mejor manera, haci\u00e9ndose con la primera victoria en una prueba nacional, luego de su vuelta a la competici\u00f3n tras un a\u00f1o y medio de par\u00f3n.<\/p>\n<p>Otra catalana ocupaba la segunda plaza, <strong>Merc\u00e8 Tusell<\/strong> que acechaba el triunfo durante el segmento de bici, d\u00f3nde firmar\u00eda el mejor parcial. <strong>Enara Oronoz<\/strong> cerraba el podio, que junto a <strong>Imma Pereiro\u00a0<\/strong>aupar\u00edan al Saltoki Trikideak a la primera posici\u00f3n en clubes.<\/p>\n<p>En categor\u00eda masculina, arrase de <strong>Pello Osoro<\/strong> despu\u00e9s de volar en el segmento ciclista, d\u00f3nde abrir\u00eda una diferencia imposible de recuperar para <strong>Gonzalo Fuentes,<\/strong> que pese a ser el mejor corredor de la jornada, se ve\u00eda superado por el eibarr\u00e9s en meta. El tercer puesto ser\u00eda para <strong>Roberto Ruiz,<\/strong> que liderar\u00eda la comitiva del Trikideak que a su vez, monopolizaba la clasificaci\u00f3n por equipos, con el 3r, 4\u00ba, 5\u00ba y 6\u00ba puesto.<\/p>\n<p>Especial menci\u00f3n para <strong>Joan W\u00e4ger,<\/strong> que completaba el doblete compitiendo s\u00e1bado y domingo, llev\u00e1ndose a casa un podio sub23 en sprint y un 4\u00ba puesto en MD.<\/p>\n<p>Un jornada d\u00f3nde los calambres y las rampas han estado a la orden del d\u00eda, y han supuesto un rival m\u00e1s.<\/p>\n","protected":false},"excerpt":{"rendered":"<p>Los favoritos imponen su ley en Soria, en la que podr\u00eda ser la \u00faltima parada de la Liga Nacional de Duatl\u00f3n a falta de saber si se celebrar\u00e1 \u00c1guilas La prueba duatl\u00e9tica m\u00e1s larga del a\u00f1o cerraba un intenso fin de semana en Soria, con el Estadio de los Pajaritos repitiendo como la sede segura [&hellip;]<\/p>\n","protected":false},"author":309,"featured_media":70662,"comment_status":"closed","ping_status":"closed","sticky":false,"template":"","format":"standard","meta":{"_acf_changed":false,"rank_math_lock_modified_date":false,"footnotes":""},"categories":[17],"tags":[8137,6039,3468],"class_list":{"0":"post-70661","1":"post","2":"type-post","3":"status-publish","4":"format-standard","5":"has-post-thumbnail","8":"tag-campeonato-espana-duatlon-md","9":"tag-pello-osoro","10":"tag-sara-loehr"},"acf":[],"_links":{"self":[{"href":"https:\/\/miurltemporal.com/main/triatletasenred.sport.es\/wp-json\/wp\/v2\/posts\/70661"}],"collection":[{"href":"https:\/\/miurltemporal.com/main/triatletasenred.sport.es\/wp-json\/wp\/v2\/posts"}],"about":[{"href":"https:\/\/miurltemporal.com/main/triatletasenred.sport.es\/wp-json\/wp\/v2\/types\/post"}],"author":[{"embeddable":true,"href":"https:\/\/miurltemporal.com/main/triatletasenred.sport.es\/wp-json\/wp\/v2\/users\/309"}],"replies":[{"embeddable":true,"href":"https:\/\/miurltemporal.com/main/triatletasenred.sport.es\/wp-json\/wp\/v2\/comments?post=70661"}],"version-history":[{"count":0,"href":"https:\/\/miurltemporal.com/main/triatletasenred.sport.es\/wp-json\/wp\/v2\/posts\/70661\/revisions"}],"wp:featuredmedia":[{"embeddable":true,"href":"https:\/\/miurltemporal.com/main/triatletasenred.sport.es\/wp-json\/wp\/v2\/media\/70662"}],"wp:attachment":[{"href":"https:\/\/miurltemporal.com/main/triatletasenred.sport.es\/wp-json\/wp\/v2\/media?parent=70661"}],"wp:term":[{"taxonomy":"category","embeddable":true,"href":"https:\/\/miurltemporal.com/main/triatletasenred.sport.es\/wp-json\/wp\/v2\/categories?post=70661"},{"taxonomy":"post_tag","embeddable":true,"href":"https:\/\/miurltemporal.com/main/triatletasenred.sport.es\/wp-json\/wp\/v2\/tags?post=70661"}],"curies":[{"name":"wp","href":"https:\/\/api.w.org\/{rel}","templated":true}]}}