{"id":70653,"date":"2020-10-25T11:43:44","date_gmt":"2020-10-25T10:43:44","guid":{"rendered":"https:\/\/miurltemporal.com/main/triatletasenred.sport.es\/?p=70653"},"modified":"2020-10-25T13:36:58","modified_gmt":"2020-10-25T12:36:58","slug":"gomez-noya-segundo-en-la-copa-de-europa-de-barcelona","status":"publish","type":"post","link":"https:\/\/miurltemporal.com/main/triatletasenred.sport.es\/en-red\/gomez-noya-segundo-en-la-copa-de-europa-de-barcelona\/","title":{"rendered":"G\u00f3mez Noya segundo en la Copa de Europa de Barcelona"},"content":{"rendered":"\r\n<h3>Un penalty box al gallego deja la carrera y la victoria final en manos del noruego Blummenfelt<\/h3>\r\n<p><\/a><\/p>\r\n\r\n\r\n\r\n<p>Nivel impresionante en Barcelona con las leyendas<strong> G\u00f3mez Noya e Iv\u00e1n Ra\u00f1a<\/strong> en el pont\u00f3n de salida y la flota noruega al completo eran augurio de un buen espect\u00e1culo en la capital Barcelona<\/p>\r\n\r\n\r\n\r\n<p>Tras la nataci\u00f3n <strong>Javi y Blummenfelt<\/strong> ya marcan sus claras intenciones saliendo en los primeros puestos del agua y marcando el ritmo en un espectacular circuito ciclista en el que los perseguidores consiguen rebajar algo de tiempo pero insuficiente para poner en tela de juicio el domino de noruego y gallego.<\/p>\r\n\r\n\r\n\r\n<p>En la T2 se decidi\u00f3 la carrera. <strong>Javi G\u00f3mez Noya y Blummenfelt<\/strong> llegan muy parejos y en la transici\u00f3n el gallego dej\u00f3 colgada la bici por un solo lado del manillar.<\/p>\r\n\r\n\r\n\r\n<p>El <strong>penalti box<\/strong> se le comunic\u00f3 al Capit\u00e1n mientras lideraba el sector de carrera a pie con Blummenfelt pegado a su espalda. La detenci\u00f3n del gallego dej\u00f3 ya la carrera sentenciada en el noruego a pesar que Javi lo pele\u00f3 hasta el final para entrar segundo.<\/p>\r\n\r\n\r\n\r\n<p>La tercera plaza del podio era para el campe\u00f3n del mundo 70.3 Gustav Iden mientras que el Top5 era para dos espa\u00f1oles m\u00e1s. Genis grau cuarto y quinta posici\u00f3n para un Mantec\u00f3n de fue de menos a m\u00e1s en esta Copa de Europa de Barcelona.<\/p>\r\n\r\n\r\n\r\n<p>Iv\u00e1n Ra\u00f1a por su parte consigu\u00f3 estar en la pomada hasta la carrera a pie d\u00f3nde se descolg\u00f3 del grupo. A sus 41 a\u00f1os el gallego ha demostrado una vez m\u00e1s estar a la altura en una competici\u00f3n internacional de tanto nivel.<\/p>\r\n<p>[embedyt] https:\/\/www.youtube.com\/watch?v=4Q0eQQgfbkM[\/embedyt]<\/p>\r\n","protected":false},"excerpt":{"rendered":"<p>Un penalty box al gallego deja la carrera y la victoria final en manos del noruego Blummenfelt Nivel impresionante en Barcelona con las leyendas G\u00f3mez Noya e Iv\u00e1n Ra\u00f1a en el pont\u00f3n de salida y la flota noruega al completo eran augurio de un buen espect\u00e1culo en la capital Barcelona Tras la nataci\u00f3n Javi y [&hellip;]<\/p>\n","protected":false},"author":2,"featured_media":70652,"comment_status":"closed","ping_status":"closed","sticky":false,"template":"","format":"standard","meta":{"_acf_changed":false,"rank_math_lock_modified_date":false,"footnotes":""},"categories":[17,16],"tags":[],"class_list":{"0":"post-70653","1":"post","2":"type-post","3":"status-publish","4":"format-standard","5":"has-post-thumbnail","7":"category-actualidad","8":"category-en-red"},"acf":[],"_links":{"self":[{"href":"https:\/\/miurltemporal.com/main/triatletasenred.sport.es\/wp-json\/wp\/v2\/posts\/70653"}],"collection":[{"href":"https:\/\/miurltemporal.com/main/triatletasenred.sport.es\/wp-json\/wp\/v2\/posts"}],"about":[{"href":"https:\/\/miurltemporal.com/main/triatletasenred.sport.es\/wp-json\/wp\/v2\/types\/post"}],"author":[{"embeddable":true,"href":"https:\/\/miurltemporal.com/main/triatletasenred.sport.es\/wp-json\/wp\/v2\/users\/2"}],"replies":[{"embeddable":true,"href":"https:\/\/miurltemporal.com/main/triatletasenred.sport.es\/wp-json\/wp\/v2\/comments?post=70653"}],"version-history":[{"count":0,"href":"https:\/\/miurltemporal.com/main/triatletasenred.sport.es\/wp-json\/wp\/v2\/posts\/70653\/revisions"}],"wp:featuredmedia":[{"embeddable":true,"href":"https:\/\/miurltemporal.com/main/triatletasenred.sport.es\/wp-json\/wp\/v2\/media\/70652"}],"wp:attachment":[{"href":"https:\/\/miurltemporal.com/main/triatletasenred.sport.es\/wp-json\/wp\/v2\/media?parent=70653"}],"wp:term":[{"taxonomy":"category","embeddable":true,"href":"https:\/\/miurltemporal.com/main/triatletasenred.sport.es\/wp-json\/wp\/v2\/categories?post=70653"},{"taxonomy":"post_tag","embeddable":true,"href":"https:\/\/miurltemporal.com/main/triatletasenred.sport.es\/wp-json\/wp\/v2\/tags?post=70653"}],"curies":[{"name":"wp","href":"https:\/\/api.w.org\/{rel}","templated":true}]}}