{"id":70649,"date":"2020-10-25T11:01:25","date_gmt":"2020-10-25T10:01:25","guid":{"rendered":"https:\/\/miurltemporal.com/main/triatletasenred.sport.es\/?p=70649"},"modified":"2020-10-25T14:41:29","modified_gmt":"2020-10-25T13:41:29","slug":"anna-godoy-protagoniza-un-final-agonico-en-la-copa-de-europa-de-barcelona","status":"publish","type":"post","link":"https:\/\/miurltemporal.com/main/triatletasenred.sport.es\/actualidad\/anna-godoy-protagoniza-un-final-agonico-en-la-copa-de-europa-de-barcelona\/","title":{"rendered":"Anna Godoy protagoniza un final ag\u00f3nico en la Copa de Europa de Barcelona"},"content":{"rendered":"\n<p><h3>Anna Godoy y la francesa Mathilde Gautier pusieron emoci\u00f3n hasta el final. Ni la foto finish fue suficiente para aclarar quien gan\u00f3 en Barcelona<\/h3>\n<p><\/a><\/p><\/p>\n\n\n\n<p>La prueba arranc\u00f3 puntualmente a las 9 de la ma\u00f1ana con una a\u0144ecdotica salida en falso en la salida femenina que retras\u00f3 unos segundos la prueba.<\/p>\n\n\n\n<p>Tras la nataci\u00f3n un grupo de 4 triatletas entre las que ten\u00edamos a las catalanas <strong>Sara P\u00e9rez Sala<\/strong> y <strong>Anna Godoy<\/strong> sal\u00edan en primer lugar de la T1, junto a ellas la mexicana <strong>Michelle Filipo y la francesa Mathilde Gautier.<\/strong><\/p>\n\n\n\n<p>El grupo rodar\u00eda en solitario con un r\u00e1pido sector ciclista para decidir la carrera en el \u00faltimo sector, 5 kil\u00f3metros de carrera a pie en los que francesa y catalana protagonizaron un sprint final ag\u00f3nico en el que se vio de todo. La francesa proteg\u00eda su posici\u00f3n con un leve empuj\u00f3n en los \u00faltimos metros que <strong>Godoy<\/strong> super\u00f3 para entrar al l\u00edmite junto a su rival.<\/p>\n\n\n\n<p>Las primeras impresiones en l\u00ednea de meta y en el momento en el que publicamos este art\u00edculo han sido que probablemente haya una victoria compartida entre <strong>Anna Godoy<\/strong> y la triatleta francesa.<\/p>\n\n\n\n<p>(Actualizado) finalmente se ha dado la victoria a la triatleta francesa in situ. Probablemente habr\u00e1 que esperar una reclamaci\u00f3n posterior.<\/p>\n\n\n\n<p><\/p>\n\n\n\n<p>La tercera plaza era para la mexicana <strong>Filipo<\/strong> mientras que <strong>Sara P\u00e9rez Sala cerraba el TOP5<\/strong><\/p>\n","protected":false},"excerpt":{"rendered":"<p>Anna Godoy y la francesa Mathilde Gautier pusieron emoci\u00f3n hasta el final. Ni la foto finish fue suficiente para aclarar quien gan\u00f3 en Barcelona La prueba arranc\u00f3 puntualmente a las 9 de la ma\u00f1ana con una a\u0144ecdotica salida en falso en la salida femenina que retras\u00f3 unos segundos la prueba. Tras la nataci\u00f3n un grupo [&hellip;]<\/p>\n","protected":false},"author":2,"featured_media":70648,"comment_status":"closed","ping_status":"closed","sticky":false,"template":"","format":"standard","meta":{"_acf_changed":false,"rank_math_lock_modified_date":false,"footnotes":""},"categories":[17,2033],"tags":[],"class_list":{"0":"post-70649","1":"post","2":"type-post","3":"status-publish","4":"format-standard","5":"has-post-thumbnail","7":"category-actualidad","8":"category-sport"},"acf":[],"_links":{"self":[{"href":"https:\/\/miurltemporal.com/main/triatletasenred.sport.es\/wp-json\/wp\/v2\/posts\/70649"}],"collection":[{"href":"https:\/\/miurltemporal.com/main/triatletasenred.sport.es\/wp-json\/wp\/v2\/posts"}],"about":[{"href":"https:\/\/miurltemporal.com/main/triatletasenred.sport.es\/wp-json\/wp\/v2\/types\/post"}],"author":[{"embeddable":true,"href":"https:\/\/miurltemporal.com/main/triatletasenred.sport.es\/wp-json\/wp\/v2\/users\/2"}],"replies":[{"embeddable":true,"href":"https:\/\/miurltemporal.com/main/triatletasenred.sport.es\/wp-json\/wp\/v2\/comments?post=70649"}],"version-history":[{"count":0,"href":"https:\/\/miurltemporal.com/main/triatletasenred.sport.es\/wp-json\/wp\/v2\/posts\/70649\/revisions"}],"wp:featuredmedia":[{"embeddable":true,"href":"https:\/\/miurltemporal.com/main/triatletasenred.sport.es\/wp-json\/wp\/v2\/media\/70648"}],"wp:attachment":[{"href":"https:\/\/miurltemporal.com/main/triatletasenred.sport.es\/wp-json\/wp\/v2\/media?parent=70649"}],"wp:term":[{"taxonomy":"category","embeddable":true,"href":"https:\/\/miurltemporal.com/main/triatletasenred.sport.es\/wp-json\/wp\/v2\/categories?post=70649"},{"taxonomy":"post_tag","embeddable":true,"href":"https:\/\/miurltemporal.com/main/triatletasenred.sport.es\/wp-json\/wp\/v2\/tags?post=70649"}],"curies":[{"name":"wp","href":"https:\/\/api.w.org\/{rel}","templated":true}]}}