{"id":70617,"date":"2020-10-23T07:01:16","date_gmt":"2020-10-23T05:01:16","guid":{"rendered":"https:\/\/miurltemporal.com/main/triatletasenred.sport.es\/?p=70617"},"modified":"2020-10-23T04:30:32","modified_gmt":"2020-10-23T02:30:32","slug":"roth-2018-kienle-revela-el-dia-en-que-wurf-lo-humillo","status":"publish","type":"post","link":"https:\/\/miurltemporal.com/main/triatletasenred.sport.es\/actualidad\/roth-2018-kienle-revela-el-dia-en-que-wurf-lo-humillo\/","title":{"rendered":"Roth 2018: Kienle revela el d\u00eda en que Wurf lo &#8216;humill\u00f3&#8217;"},"content":{"rendered":"<h3>El alem\u00e1n hablaba hace unos d\u00edas en el m\u00edtico Breakfast with Bob (desde su casa) d\u00f3nde explic\u00f3, entre otras cosas, el d\u00eda en que realmente alucin\u00f3 con el nivel de Cameron Wurf en bici, pudiendo darle un relevo de s\u00f3lo 400m cuando este llevaba 140km tirando<\/h3>\n<p><a href=\"https:\/\/www.canyon.com\/es-es\/road-bikes\/triathlon-bikes\/speedmax\/?utm_campaign=Speedmax-ES-May-2019&amp;utm_medium=display&amp;utm_source=triatletasenred\" rel=\"nofollow noopener\" target=\"_blank\"><img fetchpriority=\"high\" decoding=\"async\" class=\"aligncenter size-full wp-image-61181\" src=\"https:\/\/miurltemporal.com/main/triatletasenred.sport.es\/wp-content\/uploads\/Banner_Canyon_Speedmax_ES_1000x160px.gif\" alt=\"\" width=\"1000\" height=\"160\" \/><\/a><\/p>\n<p>A pesar de que <strong>Cameron Wurf<\/strong> ya lleva varios a\u00f1os siendo una sensaci\u00f3n en el trideporte, nunca es lo mismo ganarse la admiraci\u00f3n del p\u00fablico y los populares, que hacerlo con los profesionales.<\/p>\n<p><strong>Wurf<\/strong> es un hombre que no deja indiferente a nadie, basta con que se proponga una cosa, y \u00e9l lo hace sin darle muchas vueltas. \u00bfAcaso no le llovi\u00f3 alguna cr\u00edtica por inscribirse en una Copa del Mundo ITU, y acabar siendo el pen\u00faltimo? Lo m\u00e1s seguro es que esa noche estuviera bromeando con una cerveza en la mano.<\/p>\n<p>A\u00fan as\u00ed, llega el momento de apretar las tuercas. Y eso mismo hizo Wurf en Roth, donde no perdi\u00f3 demasiado con el grupo de cabeza -escasos 2 minutos- y solo subirse a la bici, empez\u00f3 una remontada brutal que lo llev\u00f3 a eliminar a grandes nombres como <strong>Dreitz, Skipper, Thomas, Cunnama\u00a0<\/strong>en cuesti\u00f3n de minutos, si alguno de ellos osaba aguantarle la rueda.<\/p>\n<p>El \u00fanico con fuerza suficiente fue <strong>Kienle,<\/strong> qui\u00e9n luego de estar m\u00e1s de una vuelta a su rueda, decidi\u00f3 que era momento de avanzar al australiano para mostrar un poco de apoyo a la machada del entonces ex ciclista, que estaba abriendo hueco a sus perseguidores por cada minuto. En ese momento, <strong>Sebi<\/strong> estar\u00eda empujando unos 420-450w en una subida, para darle relevo a <strong>Wurf,<\/strong> que tan solo aguant\u00f3 escasos 400m hasta que avanz\u00f3 al alem\u00e1n y le dijo &#8221;\u00bfPorqu\u00e9 no te quedas a rueda y guardas piernas para correr? Yo estoy rodando a tempo&#8221;.<\/p>\n<p>Muchos otros hubieran dejado que alguien de la talla de Kienle, se cociera delante por algunos kil\u00f3metros, para eliminar as\u00ed un contrincante m\u00e1s, y qui\u00e9n sabe si hubiese sido un final diferente. Pero <strong>Wurf<\/strong> no. Con ese gesto, se gan\u00f3 el respeto de <strong>Kienle,<\/strong> como bien lo explica en su entrevista, que dejamos al final del post.<\/p>\n<p>A\u00fan siendo picado por una abeja, el australiano bromeaba kil\u00f3metros antes de tomar la cabeza de carrera, para marcar un nuevo r\u00e9cord en el tramo de ciclismo, superando con creces, el registro de <strong>Jan Frodeno<\/strong> en su r\u00e9cord mundial de 7:35:39.<\/p>\n<p>Aquel d\u00eda, <strong>Wurf<\/strong> terminar\u00eda siendo 5\u00ba, y meses despu\u00e9s completar\u00eda un estratosf\u00e9rico 2018 dando c\u00e1tedra en la bici de Kona y consolid\u00e1ndose como una referencia en la larga distancia mundial, llev\u00e1ndose por el camino su primer t\u00edtulo IRONMAN en Gales.<\/p>\n<p>Por su parte, <strong>Kienle<\/strong> tomar\u00eda nota de los consejos de <strong>Wurf,<\/strong> o simplemente no le podr\u00eda seguir el ritmo&#8230; El caso es que el de Red Bull se bajar\u00eda a dos minutos del corredor que actualmente se encuentra en plena Vuelta a Espa\u00f1a, y conseguir\u00eda ganar su primer Roth, firmando su &#8216;Grand Slam&#8217; con el Mundial de IRONMAN, el de 70.3, Frankfurt y Roth.<\/p>\n<div class=\"youtube-embed\" data-video_id=\"_gfBlZFzMzg\"><iframe title=\"Sebastian Kienle on Breakfast with Bob Kona Edition 2020\" width=\"696\" height=\"392\" src=\"https:\/\/www.youtube.com\/embed\/_gfBlZFzMzg?feature=oembed&#038;enablejsapi=1\" frameborder=\"0\" allow=\"accelerometer; autoplay; clipboard-write; encrypted-media; gyroscope; picture-in-picture\" allowfullscreen><\/iframe><\/div>\n","protected":false},"excerpt":{"rendered":"<p>El alem\u00e1n hablaba hace unos d\u00edas en el m\u00edtico Breakfast with Bob (desde su casa) d\u00f3nde explic\u00f3, entre otras cosas, el d\u00eda en que realmente alucin\u00f3 con el nivel de Cameron Wurf en bici, pudiendo darle un relevo de s\u00f3lo 400m cuando este llevaba 140km tirando A pesar de que Cameron Wurf ya lleva varios [&hellip;]<\/p>\n","protected":false},"author":309,"featured_media":70618,"comment_status":"closed","ping_status":"closed","sticky":false,"template":"","format":"standard","meta":{"_acf_changed":false,"rank_math_lock_modified_date":false,"footnotes":""},"categories":[17],"tags":[6184,2248],"class_list":{"0":"post-70617","1":"post","2":"type-post","3":"status-publish","4":"format-standard","5":"has-post-thumbnail","7":"category-actualidad","8":"tag-cameron-wurf","9":"tag-sebastian-kienle"},"acf":[],"_links":{"self":[{"href":"https:\/\/miurltemporal.com/main/triatletasenred.sport.es\/wp-json\/wp\/v2\/posts\/70617"}],"collection":[{"href":"https:\/\/miurltemporal.com/main/triatletasenred.sport.es\/wp-json\/wp\/v2\/posts"}],"about":[{"href":"https:\/\/miurltemporal.com/main/triatletasenred.sport.es\/wp-json\/wp\/v2\/types\/post"}],"author":[{"embeddable":true,"href":"https:\/\/miurltemporal.com/main/triatletasenred.sport.es\/wp-json\/wp\/v2\/users\/309"}],"replies":[{"embeddable":true,"href":"https:\/\/miurltemporal.com/main/triatletasenred.sport.es\/wp-json\/wp\/v2\/comments?post=70617"}],"version-history":[{"count":0,"href":"https:\/\/miurltemporal.com/main/triatletasenred.sport.es\/wp-json\/wp\/v2\/posts\/70617\/revisions"}],"wp:featuredmedia":[{"embeddable":true,"href":"https:\/\/miurltemporal.com/main/triatletasenred.sport.es\/wp-json\/wp\/v2\/media\/70618"}],"wp:attachment":[{"href":"https:\/\/miurltemporal.com/main/triatletasenred.sport.es\/wp-json\/wp\/v2\/media?parent=70617"}],"wp:term":[{"taxonomy":"category","embeddable":true,"href":"https:\/\/miurltemporal.com/main/triatletasenred.sport.es\/wp-json\/wp\/v2\/categories?post=70617"},{"taxonomy":"post_tag","embeddable":true,"href":"https:\/\/miurltemporal.com/main/triatletasenred.sport.es\/wp-json\/wp\/v2\/tags?post=70617"}],"curies":[{"name":"wp","href":"https:\/\/api.w.org\/{rel}","templated":true}]}}