{"id":70501,"date":"2020-10-16T18:57:25","date_gmt":"2020-10-16T16:57:25","guid":{"rendered":"https:\/\/miurltemporal.com/main/triatletasenred.sport.es\/?p=70501"},"modified":"2020-10-16T18:58:39","modified_gmt":"2020-10-16T16:58:39","slug":"gomez-noya-challenge-daytona","status":"publish","type":"post","link":"https:\/\/miurltemporal.com/main/triatletasenred.sport.es\/actualidad\/gomez-noya-challenge-daytona\/","title":{"rendered":"G\u00f3mez Noya se suma a la fiesta del Campeonato del Mundo de la PTO en Daytona"},"content":{"rendered":"<h3>Javi G\u00f3mez Noya es un nuevo as que la PTO saca de la manga para aportar a\u00fan m\u00e1s valor al que ser\u00e1 sin duda el evento del a\u00f1o, el Challenge Daytona.<\/h3>\n<p><\/a><\/p>\n<p>Con Frodeno como \u00fanica super estrella que &#8220;a\u00fan&#8221; no se ha sumado a la batalla de gal\u00e1cticos la lista de salida de este Campeonato Mundial de la PTO toma un tinte m\u00e1s que degustable. Nuestro capit\u00e1n se une a un cartel en el que se volver\u00e1 a ver las caras con los \u00a0<strong>Brownlee Brothers<\/strong>, <strong>Lionel Sanders<\/strong> o el germano <strong>Sebbie Kienle<\/strong> entre otros tantas primeras espadas de la larga distancia.<\/p>\n<p><strong>G\u00f3mez Noya<\/strong> entra en este nuevo paquete de estrellas junto al campe\u00f3n del mundo 70.3 <strong>Gustav Iden<\/strong> o el carism\u00e1tico triatleta de Zone3<strong> Tim Don.<\/strong><\/p>\n<p>En el cartel femenino se han sumado en las \u00faltimas horas <strong>Lisa Norden y Angela Naeth<\/strong> a una lista en la que se encuentran pr\u00e1cticamente todas las mejores triatletas de larga distancia del momento.<\/p>\n<p>[embedyt] https:\/\/www.youtube.com\/watch?v=wd265bn3YqQ[\/embedyt]<\/p>\n","protected":false},"excerpt":{"rendered":"<p>Javi G\u00f3mez Noya es un nuevo as que la PTO saca de la manga para aportar a\u00fan m\u00e1s valor al que ser\u00e1 sin duda el evento del a\u00f1o, el Challenge Daytona. Con Frodeno como \u00fanica super estrella que &#8220;a\u00fan&#8221; no se ha sumado a la batalla de gal\u00e1cticos la lista de salida de este Campeonato [&hellip;]<\/p>\n","protected":false},"author":2,"featured_media":70361,"comment_status":"closed","ping_status":"closed","sticky":false,"template":"","format":"standard","meta":{"_acf_changed":false,"rank_math_lock_modified_date":false,"footnotes":""},"categories":[17,16],"tags":[],"class_list":{"0":"post-70501","1":"post","2":"type-post","3":"status-publish","4":"format-standard","5":"has-post-thumbnail","7":"category-actualidad","8":"category-en-red"},"acf":[],"_links":{"self":[{"href":"https:\/\/miurltemporal.com/main/triatletasenred.sport.es\/wp-json\/wp\/v2\/posts\/70501"}],"collection":[{"href":"https:\/\/miurltemporal.com/main/triatletasenred.sport.es\/wp-json\/wp\/v2\/posts"}],"about":[{"href":"https:\/\/miurltemporal.com/main/triatletasenred.sport.es\/wp-json\/wp\/v2\/types\/post"}],"author":[{"embeddable":true,"href":"https:\/\/miurltemporal.com/main/triatletasenred.sport.es\/wp-json\/wp\/v2\/users\/2"}],"replies":[{"embeddable":true,"href":"https:\/\/miurltemporal.com/main/triatletasenred.sport.es\/wp-json\/wp\/v2\/comments?post=70501"}],"version-history":[{"count":0,"href":"https:\/\/miurltemporal.com/main/triatletasenred.sport.es\/wp-json\/wp\/v2\/posts\/70501\/revisions"}],"wp:featuredmedia":[{"embeddable":true,"href":"https:\/\/miurltemporal.com/main/triatletasenred.sport.es\/wp-json\/wp\/v2\/media\/70361"}],"wp:attachment":[{"href":"https:\/\/miurltemporal.com/main/triatletasenred.sport.es\/wp-json\/wp\/v2\/media?parent=70501"}],"wp:term":[{"taxonomy":"category","embeddable":true,"href":"https:\/\/miurltemporal.com/main/triatletasenred.sport.es\/wp-json\/wp\/v2\/categories?post=70501"},{"taxonomy":"post_tag","embeddable":true,"href":"https:\/\/miurltemporal.com/main/triatletasenred.sport.es\/wp-json\/wp\/v2\/tags?post=70501"}],"curies":[{"name":"wp","href":"https:\/\/api.w.org\/{rel}","templated":true}]}}