{"id":70480,"date":"2020-10-15T18:08:42","date_gmt":"2020-10-15T16:08:42","guid":{"rendered":"https:\/\/miurltemporal.com/main/triatletasenred.sport.es\/?p=70480"},"modified":"2020-10-15T18:10:33","modified_gmt":"2020-10-15T16:10:33","slug":"triatlon-en-vena","status":"publish","type":"post","link":"https:\/\/miurltemporal.com/main/triatletasenred.sport.es\/actualidad\/triatlon-en-vena\/","title":{"rendered":"Aida Vali\u00f1o y Pello Osoro protagonistas en el 6\u00ba Episodio de &#8220;Triatl\u00f3n en Vena&#8221;"},"content":{"rendered":"<h2 style=\"text-align: justify;\">El programa semanal &#8220;Triatl\u00f3n en Vena&#8221; publica hoy el sexto episodio de esta temporada con dos invitados de excepci\u00f3n, Pello Osoro y Aida Vali\u00f1o.<\/h2>\n<p style=\"text-align: justify;\">[embedyt] https:\/\/www.youtube.com\/watch?v=wd265bn3YqQ[\/embedyt]<\/p>\n<p style=\"text-align: justify;\">Sexta semana consecutiva con nuestro programa de youtube en el aire, m\u00e1s de 30 minutos \u00a0respirando triatl\u00f3n en un programa en continua evoluci\u00f3n, &#8220;<em><strong>Triatl\u00f3n en Vena<\/strong><\/em>&#8220;<\/p>\n<p style=\"text-align: justify;\">En este nuevo episodio conducido por Gomar Marchena entrevistamos a Pello Osoro justo despu\u00e9s de vencer el <em><strong>100x100HALF L&#8217;Estartit<\/strong><\/em> y antes de su asalto a la larga distancia en Portugal. El becario Roger Many\u00e0 repasa la actualidad con especial atenci\u00f3n a la triarmada en pruebas internacionales o las grandes actuaciones de los equipos nacionales m\u00e1s all\u00e1 de nuestras fronteras.<\/p>\n<p style=\"text-align: justify;\">En la #ZonaTest presentamos los neum\u00e1ticos <strong>PZero Velo de la empresa italiana Pirelli<\/strong> y compartimos nuestras conclusiones.<\/p>\n<p style=\"text-align: justify;\">El broche de oro lo pone la triatleta gallega <strong>Aida Vali\u00f1o<\/strong> que en pocos meses ha pasado de dar biberones a sus preciosas criaturas a subir a lo m\u00e1s alto del podio.<\/p>\n<p style=\"text-align: justify;\">Todo esto en 30 minutos de puro triatl\u00f3n.<strong> \u00a1Pasen y vean!<\/strong><\/p>\n","protected":false},"excerpt":{"rendered":"<p>El programa semanal &#8220;Triatl\u00f3n en Vena&#8221; publica hoy el sexto episodio de esta temporada con dos invitados de excepci\u00f3n, Pello Osoro y Aida Vali\u00f1o. [embedyt] https:\/\/www.youtube.com\/watch?v=wd265bn3YqQ[\/embedyt] Sexta semana consecutiva con nuestro programa de youtube en el aire, m\u00e1s de 30 minutos \u00a0respirando triatl\u00f3n en un programa en continua evoluci\u00f3n, &#8220;Triatl\u00f3n en Vena&#8220; En este nuevo [&hellip;]<\/p>\n","protected":false},"author":2,"featured_media":70481,"comment_status":"closed","ping_status":"closed","sticky":false,"template":"","format":"video","meta":{"_acf_changed":false,"rank_math_lock_modified_date":false,"footnotes":""},"categories":[17,16,2033],"tags":[4815,319,2209,8114,8105,2017,6122,8110,8115,8111,8108,8112,8113,8117,8119,8107,8118,8106,383,8116,8109],"class_list":{"0":"post-70480","1":"post","2":"type-post","3":"status-publish","4":"format-video","5":"has-post-thumbnail","7":"category-actualidad","8":"category-en-red","9":"category-sport","10":"tag-100x100half","11":"tag-triatletasenred","12":"tag-aida-valino","13":"tag-aida-valino-triatlon","14":"tag-campeonato-triatlon","15":"tag-erik-merino","16":"tag-gomar-marchena","17":"tag-gomez-noya-bilbao","18":"tag-gustavo-rodriguez-triatlon","19":"tag-laura-gomez-bilbao","20":"tag-noticias-de-triatlon","21":"tag-pello-osoro-ironman","22":"tag-pello-osoro-triatlon","23":"tag-pirelli-p-zero-velo","24":"tag-pirelli-velo","25":"tag-programa-de-triatlon","26":"tag-review-pirelli-velo","27":"tag-roger-manya","28":"tag-saleta-castro","29":"tag-triatlon-estartit","30":"tag-videos-de-triatlon","31":"post_format-post-format-video"},"acf":[],"_links":{"self":[{"href":"https:\/\/miurltemporal.com/main/triatletasenred.sport.es\/wp-json\/wp\/v2\/posts\/70480"}],"collection":[{"href":"https:\/\/miurltemporal.com/main/triatletasenred.sport.es\/wp-json\/wp\/v2\/posts"}],"about":[{"href":"https:\/\/miurltemporal.com/main/triatletasenred.sport.es\/wp-json\/wp\/v2\/types\/post"}],"author":[{"embeddable":true,"href":"https:\/\/miurltemporal.com/main/triatletasenred.sport.es\/wp-json\/wp\/v2\/users\/2"}],"replies":[{"embeddable":true,"href":"https:\/\/miurltemporal.com/main/triatletasenred.sport.es\/wp-json\/wp\/v2\/comments?post=70480"}],"version-history":[{"count":0,"href":"https:\/\/miurltemporal.com/main/triatletasenred.sport.es\/wp-json\/wp\/v2\/posts\/70480\/revisions"}],"wp:featuredmedia":[{"embeddable":true,"href":"https:\/\/miurltemporal.com/main/triatletasenred.sport.es\/wp-json\/wp\/v2\/media\/70481"}],"wp:attachment":[{"href":"https:\/\/miurltemporal.com/main/triatletasenred.sport.es\/wp-json\/wp\/v2\/media?parent=70480"}],"wp:term":[{"taxonomy":"category","embeddable":true,"href":"https:\/\/miurltemporal.com/main/triatletasenred.sport.es\/wp-json\/wp\/v2\/categories?post=70480"},{"taxonomy":"post_tag","embeddable":true,"href":"https:\/\/miurltemporal.com/main/triatletasenred.sport.es\/wp-json\/wp\/v2\/tags?post=70480"}],"curies":[{"name":"wp","href":"https:\/\/api.w.org\/{rel}","templated":true}]}}