{"id":70391,"date":"2020-10-10T16:27:27","date_gmt":"2020-10-10T14:27:27","guid":{"rendered":"https:\/\/miurltemporal.com/main/triatletasenred.sport.es\/?p=70391"},"modified":"2020-10-10T16:59:49","modified_gmt":"2020-10-10T14:59:49","slug":"antonio-serrat-4o-en-la-copa-del-mundo-de-arzachena","status":"publish","type":"post","link":"https:\/\/miurltemporal.com/main/triatletasenred.sport.es\/actualidad\/antonio-serrat-4o-en-la-copa-del-mundo-de-arzachena\/","title":{"rendered":"Antonio Serrat 4\u00ba en la Copa del Mundo de Arzachena"},"content":{"rendered":"<h3>El gallego consigue un buen\u00edsimo 4\u00ba puesto en una prueba donde el bicampe\u00f3n del mundo Vincent Luis se ha llevado la victoria, en una carrera dur\u00edsima donde la bici ha hecho estragos<\/h3>\n<p><\/a><\/p>\n<p>Las diferencias en el agua han marcado el gui\u00f3n en una Copa del Mundo con nivel de Serie Mundial, como ya se esperaba, con un ritmo de v\u00e9rtigo desde el pistoletazo de salida.<\/p>\n<p>El Campe\u00f3n del Mundo 2020 era el primero de salir del agua, dejando un grupo muy estirado por detr\u00e1s con el resto de favoritos integrados en los puestos cabeceros<\/p>\n<p>As\u00ed pues, los favoritos ya sal\u00edan delante y consegu\u00edan cortar el grupo en la salida de la T1, llegando al paso por la primera vuelta con un grupo <strong>Vincent Luis, Alistair, Schoeman y Blummenfelt <\/strong>como los m\u00e1s peligrosos.<\/p>\n<p>Durante el resto del segmento de bici, ser\u00edan los mejores ciclistas los \u00fanicos en conectar y mantenerse en el grupo cabecero, que perd\u00eda integrantes a la vez que integraba a Antonio Serrat en la \u00faltima de las tres vueltas.<\/p>\n<p>A la salida de la T2 era <strong>Serrat<\/strong> el m\u00e1s r\u00e1pido y sal\u00eda disparado como l\u00edder de la carrera, con <strong>Luis, Blu<\/strong> y <strong>Hellwig<\/strong> conectando con \u00e9l en el paso por el 1,5km inicial.<\/p>\n<p>Desde ese momento, <strong>Vincent Luis<\/strong> se pone a tirar del tr\u00edo con el noruego y <strong>Serrat,<\/strong> y al paso por el ecuador de la carrera a pie, consiguen soltar al gallego unos metros atr\u00e1s.<\/p>\n<p><strong>Alistair Brownlee<\/strong> le zafaba la 3\u00aa plaza a Serrat despu\u00e9s de una T2 muy lenta, pero marcando un 5k muy fuerte.<\/p>\n<p><strong>Blummenfelt<\/strong> cambiaba en los \u00faltimos 600 metros pero el franc\u00e9s se mostraba muy superior y contestaba a todos los ataques, llev\u00e1ndose finalmente la victoria con un zarpazo final incre\u00edble. Su parcial de 5k ser\u00eda el mejor con 14:40.<\/p>\n<p>Finalmente, <strong>Antonio Serrat<\/strong> ser\u00eda 4\u00ba, <strong>Roberto S\u00e1nchez-Mantec\u00f3n<\/strong> entrar\u00eda el 29\u00aa, <strong>Gen\u00eds Grau<\/strong> el 36\u00ba y <strong>Alberto Gonz\u00e1lez<\/strong> el 39\u00ba, cerrando la participaci\u00f3n de la TriArmada en tierras italianas.<\/p>\n<p>Resultados completos, <a href=\"https:\/\/www.triathlon.org\/results\/result\/2020_arzachena_itu_triathlon_world_cup\/352548\" rel=\"nofollow noopener\" target=\"_blank\">aqu\u00ed.<\/a><\/p>\n<p>&nbsp;<\/p>\n<p>&nbsp;<\/p>\n","protected":false},"excerpt":{"rendered":"<p>El gallego consigue un buen\u00edsimo 4\u00ba puesto en una prueba donde el bicampe\u00f3n del mundo Vincent Luis se ha llevado la victoria, en una carrera dur\u00edsima donde la bici ha hecho estragos Las diferencias en el agua han marcado el gui\u00f3n en una Copa del Mundo con nivel de Serie Mundial, como ya se esperaba, [&hellip;]<\/p>\n","protected":false},"author":309,"featured_media":70394,"comment_status":"closed","ping_status":"closed","sticky":false,"template":"","format":"standard","meta":{"_acf_changed":false,"rank_math_lock_modified_date":false,"footnotes":""},"categories":[17],"tags":[4592,8096,930,1574,4754],"class_list":{"0":"post-70391","1":"post","2":"type-post","3":"status-publish","4":"format-standard","5":"has-post-thumbnail","7":"category-actualidad","8":"tag-antonio-serrat","9":"tag-copa-del-mundo-arzachena","10":"tag-itu","11":"tag-triarmada","12":"tag-vincent-luis"},"acf":[],"_links":{"self":[{"href":"https:\/\/miurltemporal.com/main/triatletasenred.sport.es\/wp-json\/wp\/v2\/posts\/70391"}],"collection":[{"href":"https:\/\/miurltemporal.com/main/triatletasenred.sport.es\/wp-json\/wp\/v2\/posts"}],"about":[{"href":"https:\/\/miurltemporal.com/main/triatletasenred.sport.es\/wp-json\/wp\/v2\/types\/post"}],"author":[{"embeddable":true,"href":"https:\/\/miurltemporal.com/main/triatletasenred.sport.es\/wp-json\/wp\/v2\/users\/309"}],"replies":[{"embeddable":true,"href":"https:\/\/miurltemporal.com/main/triatletasenred.sport.es\/wp-json\/wp\/v2\/comments?post=70391"}],"version-history":[{"count":0,"href":"https:\/\/miurltemporal.com/main/triatletasenred.sport.es\/wp-json\/wp\/v2\/posts\/70391\/revisions"}],"wp:featuredmedia":[{"embeddable":true,"href":"https:\/\/miurltemporal.com/main/triatletasenred.sport.es\/wp-json\/wp\/v2\/media\/70394"}],"wp:attachment":[{"href":"https:\/\/miurltemporal.com/main/triatletasenred.sport.es\/wp-json\/wp\/v2\/media?parent=70391"}],"wp:term":[{"taxonomy":"category","embeddable":true,"href":"https:\/\/miurltemporal.com/main/triatletasenred.sport.es\/wp-json\/wp\/v2\/categories?post=70391"},{"taxonomy":"post_tag","embeddable":true,"href":"https:\/\/miurltemporal.com/main/triatletasenred.sport.es\/wp-json\/wp\/v2\/tags?post=70391"}],"curies":[{"name":"wp","href":"https:\/\/api.w.org\/{rel}","templated":true}]}}