{"id":70388,"date":"2020-10-10T07:00:11","date_gmt":"2020-10-10T05:00:11","guid":{"rendered":"https:\/\/miurltemporal.com/main/triatletasenred.sport.es\/?p=70388"},"modified":"2020-10-10T05:02:07","modified_gmt":"2020-10-10T03:02:07","slug":"cancelada-la-paris-roubaix-2020-por-amenaza-de-rebrote","status":"publish","type":"post","link":"https:\/\/miurltemporal.com/main/triatletasenred.sport.es\/actualidad\/cancelada-la-paris-roubaix-2020-por-amenaza-de-rebrote\/","title":{"rendered":"Cancelada la Par\u00eds &#8211; Roubaix 2020 por amenaza de rebrote"},"content":{"rendered":"<h3>Por primera vez desde la II Guerra Mundial, el &#8216;Infierno del Norte&#8217; ser\u00e1 suspendido por alerta m\u00e1xima de coronavirus<\/h3>\n<p><a href=\"https:\/\/nutrisport.es\/http:\/\/\" rel=\"nofollow noopener\" target=\"_blank\"><img fetchpriority=\"high\" decoding=\"async\" class=\"aligncenter size-full wp-image-57465\" src=\"https:\/\/miurltemporal.com/main/triatletasenred.sport.es\/wp-content\/uploads\/BannerTriatl\u00f3n-750x100.jpg\" alt=\"\" width=\"750\" height=\"100\" srcset=\"https:\/\/miurltemporal.com/main/triatletasenred.sport.es\/wp-content\/uploads\/BannerTriatl\u00f3n-750x100.jpg 750w, https:\/\/miurltemporal.com/main/triatletasenred.sport.es\/wp-content\/uploads\/BannerTriatl\u00f3n-750x100-700x93.jpg 700w, https:\/\/miurltemporal.com/main/triatletasenred.sport.es\/wp-content\/uploads\/BannerTriatl\u00f3n-750x100-300x40.jpg 300w\" sizes=\"(max-width: 750px) 100vw, 750px\" \/><\/a><\/p>\n<p>A pesar de que tan solo quedaban dos semanas para la celebraci\u00f3n de la Par\u00eds Roubaix, esta ha sido cancelada, despu\u00e9s de su primera posposici\u00f3n desde abril. El rebrote que est\u00e1 golpeando Francia ha propiciado la suspensi\u00f3n definitiva.<\/p>\n<p>El comunicado de la organizaci\u00f3n rezaba: <em>&#8220;A petici\u00f3n de las Prefecturas del Norte del Hauts-de-France y tras el anuncio realizado ayer por el Ministro de Sanidad Olivier V\u00e9ran, que puso al \u00e1rea metropolitana de Lille en m\u00e1xima alerta, no se organizar\u00e1 la 118\u00aa edici\u00f3n de Paris-Roubaix (UCI WorldTour) y la 1\u00aa edici\u00f3n de Paris-Roubaix Femmes (UCI Women&#8217;s WorldTour), prevista inicialmente para el 25 de octubre&#8221;<\/em><\/p>\n","protected":false},"excerpt":{"rendered":"<p>Por primera vez desde la II Guerra Mundial, el &#8216;Infierno del Norte&#8217; ser\u00e1 suspendido por alerta m\u00e1xima de coronavirus A pesar de que tan solo quedaban dos semanas para la celebraci\u00f3n de la Par\u00eds Roubaix, esta ha sido cancelada, despu\u00e9s de su primera posposici\u00f3n desde abril. El rebrote que est\u00e1 golpeando Francia ha propiciado la [&hellip;]<\/p>\n","protected":false},"author":309,"featured_media":70389,"comment_status":"closed","ping_status":"closed","sticky":false,"template":"","format":"standard","meta":{"_acf_changed":false,"rank_math_lock_modified_date":false,"footnotes":""},"categories":[17],"tags":[8095],"class_list":{"0":"post-70388","1":"post","2":"type-post","3":"status-publish","4":"format-standard","5":"has-post-thumbnail","7":"category-actualidad","8":"tag-paris-roubaix"},"acf":[],"_links":{"self":[{"href":"https:\/\/miurltemporal.com/main/triatletasenred.sport.es\/wp-json\/wp\/v2\/posts\/70388"}],"collection":[{"href":"https:\/\/miurltemporal.com/main/triatletasenred.sport.es\/wp-json\/wp\/v2\/posts"}],"about":[{"href":"https:\/\/miurltemporal.com/main/triatletasenred.sport.es\/wp-json\/wp\/v2\/types\/post"}],"author":[{"embeddable":true,"href":"https:\/\/miurltemporal.com/main/triatletasenred.sport.es\/wp-json\/wp\/v2\/users\/309"}],"replies":[{"embeddable":true,"href":"https:\/\/miurltemporal.com/main/triatletasenred.sport.es\/wp-json\/wp\/v2\/comments?post=70388"}],"version-history":[{"count":0,"href":"https:\/\/miurltemporal.com/main/triatletasenred.sport.es\/wp-json\/wp\/v2\/posts\/70388\/revisions"}],"wp:featuredmedia":[{"embeddable":true,"href":"https:\/\/miurltemporal.com/main/triatletasenred.sport.es\/wp-json\/wp\/v2\/media\/70389"}],"wp:attachment":[{"href":"https:\/\/miurltemporal.com/main/triatletasenred.sport.es\/wp-json\/wp\/v2\/media?parent=70388"}],"wp:term":[{"taxonomy":"category","embeddable":true,"href":"https:\/\/miurltemporal.com/main/triatletasenred.sport.es\/wp-json\/wp\/v2\/categories?post=70388"},{"taxonomy":"post_tag","embeddable":true,"href":"https:\/\/miurltemporal.com/main/triatletasenred.sport.es\/wp-json\/wp\/v2\/tags?post=70388"}],"curies":[{"name":"wp","href":"https:\/\/api.w.org\/{rel}","templated":true}]}}