{"id":70212,"date":"2020-10-04T06:59:30","date_gmt":"2020-10-04T04:59:30","guid":{"rendered":"https:\/\/miurltemporal.com/main/triatletasenred.sport.es\/?p=70212"},"modified":"2020-10-04T04:19:37","modified_gmt":"2020-10-04T02:19:37","slug":"ruben-ruzafa-vuelve-a-reinar-en-xterra","status":"publish","type":"post","link":"https:\/\/miurltemporal.com/main/triatletasenred.sport.es\/actualidad\/ruben-ruzafa-vuelve-a-reinar-en-xterra\/","title":{"rendered":"Rub\u00e9n Ruzafa vuelve a reinar en XTERRA"},"content":{"rendered":"<h3>El triple campe\u00f3n del mundo vuelve a reinar en la disciplina que m\u00e1s domina, en una carrera marcada por las duras condiciones de clima<\/h3>\n<p><\/a><\/p>\n<p>El malague\u00f1o se impon\u00eda lograba imponerse a sus rivales en un d\u00eda donde el mal tiempo era un contendiente m\u00e1s, pero que el del Rinc\u00f3n de la Victoria supo sortear con tablas, para llevarse una vez m\u00e1s, un triunfo en XTERRA.<\/p>\n<p>La prueba se disputaba en Molveno, un pueblo de las Dolomitas, y era la tercera competici\u00f3n para Rub\u00e9n, tras un 5\u00ba y 6\u00ba puesto, esta vez se llevaba el oro.<\/p>\n<p>Las distancias fueron de 800m de nado, 8km de BTT, y 3&#8217;5km a pie finales, siendo Ruzafa el m\u00e1s r\u00e1pido en completar las tres disciplinas, acompa\u00f1ado de <strong>Lukas Koca y Filippo Rinaldi<\/strong> en el podio.<\/p>\n<p>https:\/\/www.instagram.com\/p\/CF4nXhVhppV\/<\/p>\n<hr \/>\n<div class=\"youtube-embed\" data-video_id=\"opAFHND1jy4\"><iframe title=\"TRIATL\u00d3N EN VENA \ud83d\udc89. T01E04  Campeonato de Espa\u00f1a Bilbao 2020\" width=\"696\" height=\"392\" src=\"https:\/\/www.youtube.com\/embed\/opAFHND1jy4?start=528&#038;feature=oembed\" frameborder=\"0\" allow=\"accelerometer; autoplay; clipboard-write; encrypted-media; gyroscope; picture-in-picture; web-share\" referrerpolicy=\"strict-origin-when-cross-origin\" allowfullscreen><\/iframe><\/div>\n","protected":false},"excerpt":{"rendered":"<p>El triple campe\u00f3n del mundo vuelve a reinar en la disciplina que m\u00e1s domina, en una carrera marcada por las duras condiciones de clima El malague\u00f1o se impon\u00eda lograba imponerse a sus rivales en un d\u00eda donde el mal tiempo era un contendiente m\u00e1s, pero que el del Rinc\u00f3n de la Victoria supo sortear con [&hellip;]<\/p>\n","protected":false},"author":309,"featured_media":70213,"comment_status":"closed","ping_status":"closed","sticky":false,"template":"","format":"standard","meta":{"_acf_changed":false,"rank_math_lock_modified_date":false,"footnotes":""},"categories":[17],"tags":[1986,2022],"class_list":{"0":"post-70212","1":"post","2":"type-post","3":"status-publish","4":"format-standard","5":"has-post-thumbnail","7":"category-actualidad","8":"tag-ruben-ruzafa","9":"tag-xterra"},"acf":[],"_links":{"self":[{"href":"https:\/\/miurltemporal.com/main/triatletasenred.sport.es\/wp-json\/wp\/v2\/posts\/70212"}],"collection":[{"href":"https:\/\/miurltemporal.com/main/triatletasenred.sport.es\/wp-json\/wp\/v2\/posts"}],"about":[{"href":"https:\/\/miurltemporal.com/main/triatletasenred.sport.es\/wp-json\/wp\/v2\/types\/post"}],"author":[{"embeddable":true,"href":"https:\/\/miurltemporal.com/main/triatletasenred.sport.es\/wp-json\/wp\/v2\/users\/309"}],"replies":[{"embeddable":true,"href":"https:\/\/miurltemporal.com/main/triatletasenred.sport.es\/wp-json\/wp\/v2\/comments?post=70212"}],"version-history":[{"count":0,"href":"https:\/\/miurltemporal.com/main/triatletasenred.sport.es\/wp-json\/wp\/v2\/posts\/70212\/revisions"}],"wp:featuredmedia":[{"embeddable":true,"href":"https:\/\/miurltemporal.com/main/triatletasenred.sport.es\/wp-json\/wp\/v2\/media\/70213"}],"wp:attachment":[{"href":"https:\/\/miurltemporal.com/main/triatletasenred.sport.es\/wp-json\/wp\/v2\/media?parent=70212"}],"wp:term":[{"taxonomy":"category","embeddable":true,"href":"https:\/\/miurltemporal.com/main/triatletasenred.sport.es\/wp-json\/wp\/v2\/categories?post=70212"},{"taxonomy":"post_tag","embeddable":true,"href":"https:\/\/miurltemporal.com/main/triatletasenred.sport.es\/wp-json\/wp\/v2\/tags?post=70212"}],"curies":[{"name":"wp","href":"https:\/\/api.w.org\/{rel}","templated":true}]}}