{"id":70203,"date":"2020-10-03T16:58:02","date_gmt":"2020-10-03T14:58:02","guid":{"rendered":"https:\/\/miurltemporal.com/main/triatletasenred.sport.es\/?p=70203"},"modified":"2020-10-03T17:11:05","modified_gmt":"2020-10-03T15:11:05","slug":"filippo-ganna-gana-la-contrarreloj-mas-rapida-de-la-historia","status":"publish","type":"post","link":"https:\/\/miurltemporal.com/main/triatletasenred.sport.es\/actualidad\/filippo-ganna-gana-la-contrarreloj-mas-rapida-de-la-historia\/","title":{"rendered":"Filippo Ganna se lleva la contrarreloj m\u00e1s r\u00e1pida de la historia"},"content":{"rendered":"<h3>El flamante campe\u00f3n del mundo se ha encargado de llevarse el primer maillot rosa del Giro de Italia, batiendo el r\u00e9cord de velocidad de una contrarreloj no prologo que databa de Pescara 2001, con una media de 58,8km\/h<\/h3>\n<p><\/a><\/p>\n<p>Qui\u00e9n propone una manera mejor de estrenar el maillot arco\u00edris que hacerlo con una victoria, r\u00e9cord y maillot rosa, y para rematarlo, con el calor de ser el h\u00e9roe local.<\/p>\n<p>Esta misma gesta acaba de firmar el corredor del Team INEOS, Filippo Ganna, que hace una semana se proclamaba Campe\u00f3n del Mundo de la especialidad en Imola, justo en la otra punta de &#8216;la bota&#8217;.<\/p>\n<p>Con 58,<span class=\"css-901oao css-16my406 r-1qd0xha r-ad9z0x r-bcqeeo r-qvutc0\">831 km\/h, <strong>Ganna<\/strong> se ha quedado muy cerca de la actuaci\u00f3n de <\/span><span class=\"css-901oao css-16my406 r-1qd0xha r-ad9z0x r-bcqeeo r-qvutc0\"><strong>Rik Verbrugghe<\/strong> hace 19 a\u00f1os en Pescara, marcando una media de 58,874 km\/h en un pr\u00f3logo de 9 kil\u00f3metros menos.<\/span><\/p>\n<p><img fetchpriority=\"high\" decoding=\"async\" class=\"aligncenter\" src=\"https:\/\/e00-marca.uecdn.es\/assets\/multimedia\/imagenes\/2020\/10\/03\/16017313631976.jpg\" alt=\"Giro de Italia 2020: El intratable Filippo Ganna se viste de rosa | Marca.com\" width=\"607\" height=\"342\" \/><\/p>\n<p>Una contrarreloj de 15 kil\u00f3metros d\u00f3nde el italiano ha marcado el mejor tiempo desde que ha despegado del arco de salida, con una demostraci\u00f3n de fuerza bruta en los \u00faltimos 3 kil\u00f3metros, d\u00f3nde <strong>Ganna<\/strong> ha mantenido 510w de media para asegurar la victoria.<\/p>\n<p>La crono se iniciaba con una subida y con tramos t\u00e9cnicos que a priori pod\u00edan dificultar la tarea de los corredores, que ve\u00edan como las rachas de viento golpeaban su bicicleta con mucha fuerza, llegando a tirar a grandes aspirantes al trono final como <strong>&#8216;Superman&#8217; L\u00f3pez,<\/strong> que ha tenido que ser evacuado en ambulancia. Del resto de grupo de favoritos, <strong>Thomas<\/strong> ha sido el que ha marcado el mejor tiempo (4\u00ba general), seguido de <strong>Yates.<\/strong><\/p>\n<p>https:\/\/twitter.com\/VelonCC\/status\/1312383329988227072<\/p>\n<p>El italiano asaltaba la crono con el estreno de una espectacular Pinarello, preparada espec\u00edficamente para las altas velocidades que se esperaban alcanzar en la etapa de apertura de esta 103\u00aa edici\u00f3n, con un plato de 60 dientes.<\/p>\n<p><img decoding=\"async\" class=\"aligncenter wp-image-70205\" src=\"https:\/\/miurltemporal.com/main/triatletasenred.sport.es\/wp-content\/uploads\/plato-ganna.jpeg\" alt=\"\" width=\"471\" height=\"628\" srcset=\"https:\/\/miurltemporal.com/main/triatletasenred.sport.es\/wp-content\/uploads\/plato-ganna.jpeg 1536w, https:\/\/miurltemporal.com/main/triatletasenred.sport.es\/wp-content\/uploads\/plato-ganna-700x933.jpeg 700w, https:\/\/miurltemporal.com/main/triatletasenred.sport.es\/wp-content\/uploads\/plato-ganna-225x300.jpeg 225w, https:\/\/miurltemporal.com/main/triatletasenred.sport.es\/wp-content\/uploads\/plato-ganna-768x1024.jpeg 768w, https:\/\/miurltemporal.com/main/triatletasenred.sport.es\/wp-content\/uploads\/plato-ganna-1152x1536.jpeg 1152w, https:\/\/miurltemporal.com/main/triatletasenred.sport.es\/wp-content\/uploads\/plato-ganna-696x928.jpeg 696w, https:\/\/miurltemporal.com/main/triatletasenred.sport.es\/wp-content\/uploads\/plato-ganna-1068x1424.jpeg 1068w, https:\/\/miurltemporal.com/main/triatletasenred.sport.es\/wp-content\/uploads\/plato-ganna-315x420.jpeg 315w\" sizes=\"(max-width: 471px) 100vw, 471px\" \/><\/p>\n","protected":false},"excerpt":{"rendered":"<p>El flamante campe\u00f3n del mundo se ha encargado de llevarse el primer maillot rosa del Giro de Italia, batiendo el r\u00e9cord de velocidad de una contrarreloj no prologo que databa de Pescara 2001, con una media de 58,8km\/h Qui\u00e9n propone una manera mejor de estrenar el maillot arco\u00edris que hacerlo con una victoria, r\u00e9cord y [&hellip;]<\/p>\n","protected":false},"author":309,"featured_media":70204,"comment_status":"closed","ping_status":"closed","sticky":false,"template":"","format":"standard","meta":{"_acf_changed":false,"rank_math_lock_modified_date":false,"footnotes":""},"categories":[17],"tags":[8071,6952,8072],"class_list":{"0":"post-70203","1":"post","2":"type-post","3":"status-publish","4":"format-standard","5":"has-post-thumbnail","7":"category-actualidad","8":"tag-filippo-ganna","9":"tag-giro-italia","10":"tag-record-velocidad"},"acf":[],"_links":{"self":[{"href":"https:\/\/miurltemporal.com/main/triatletasenred.sport.es\/wp-json\/wp\/v2\/posts\/70203"}],"collection":[{"href":"https:\/\/miurltemporal.com/main/triatletasenred.sport.es\/wp-json\/wp\/v2\/posts"}],"about":[{"href":"https:\/\/miurltemporal.com/main/triatletasenred.sport.es\/wp-json\/wp\/v2\/types\/post"}],"author":[{"embeddable":true,"href":"https:\/\/miurltemporal.com/main/triatletasenred.sport.es\/wp-json\/wp\/v2\/users\/309"}],"replies":[{"embeddable":true,"href":"https:\/\/miurltemporal.com/main/triatletasenred.sport.es\/wp-json\/wp\/v2\/comments?post=70203"}],"version-history":[{"count":0,"href":"https:\/\/miurltemporal.com/main/triatletasenred.sport.es\/wp-json\/wp\/v2\/posts\/70203\/revisions"}],"wp:featuredmedia":[{"embeddable":true,"href":"https:\/\/miurltemporal.com/main/triatletasenred.sport.es\/wp-json\/wp\/v2\/media\/70204"}],"wp:attachment":[{"href":"https:\/\/miurltemporal.com/main/triatletasenred.sport.es\/wp-json\/wp\/v2\/media?parent=70203"}],"wp:term":[{"taxonomy":"category","embeddable":true,"href":"https:\/\/miurltemporal.com/main/triatletasenred.sport.es\/wp-json\/wp\/v2\/categories?post=70203"},{"taxonomy":"post_tag","embeddable":true,"href":"https:\/\/miurltemporal.com/main/triatletasenred.sport.es\/wp-json\/wp\/v2\/tags?post=70203"}],"curies":[{"name":"wp","href":"https:\/\/api.w.org\/{rel}","templated":true}]}}