{"id":70196,"date":"2020-10-03T07:00:50","date_gmt":"2020-10-03T05:00:50","guid":{"rendered":"https:\/\/miurltemporal.com/main/triatletasenred.sport.es\/?p=70196"},"modified":"2020-10-03T02:13:36","modified_gmt":"2020-10-03T00:13:36","slug":"no-habra-enfrentamiento-kipchoge-bekele-en-londres","status":"publish","type":"post","link":"https:\/\/miurltemporal.com/main/triatletasenred.sport.es\/actualidad\/no-habra-enfrentamiento-kipchoge-bekele-en-londres\/","title":{"rendered":"No habr\u00e1 enfrentamiento Kipchoge-Bekele en Londres"},"content":{"rendered":"<h3>Kenenisa Bekele ha informado a trav\u00e9s de su Instagram que no podr\u00e1 estar en la l\u00ednea de salida del Marat\u00f3n de Londres, debido a una lesi\u00f3n que lleva semanas perturb\u00e1ndolo<\/h3>\n<p><\/a><\/p>\n<p>El Marat\u00f3n de Londres promet\u00eda ser pura dinamita. Si ya s\u00f3lo con la presencia de uno de los dos figuras, ya se puede avanzar que la carrera va a ser rapid\u00edsima, y que la criba va a ser masiva, el enfrentamiento de los dos atletas m\u00e1s r\u00e1pidos de la historia sobre los 42km, tendr\u00e1 que esperar alg\u00fan tiempo.<\/p>\n<p><strong>Eliud Kipchoge,<\/strong> con 2:01:39, marca personal conseguida Berl\u00edn 2018 -a parte del sub 2h no oficial- deber\u00eda batirse contra <strong>Kenenisa Bekele, <\/strong>un hombre con menos maratones en sus espaldas, pero con una PB tan s\u00f3lo 2 segundos m\u00e1s lenta que <strong>Eliud:<\/strong> 2:01:41, Berl\u00edn 2019.<\/p>\n<p>La marat\u00f3n londinense, estaba inicialmente prevista para abril, y en la presente, s\u00f3lo los \u00e9lite correr\u00e1n dando vueltas a un circuito de 2,15 km en St. James\u2019s Park en el que no habr\u00e1 p\u00fablico.<\/p>\n<p>Adem\u00e1s, la organizaci\u00f3n no se conform\u00f3 con estos dos mastodontes, sino que tiene en su plantel de salida a cuatro de los diez corredores m\u00e1s r\u00e1pidos del mundo, y a 6 hombres queue han bajado de 2:05h. Asimismo, en la prueba femenina, tambi\u00e9n se espera un gran espect\u00e1culo, con la <em>recordwoman <\/em><strong>Brigid Kosgei (2:14:04), <\/strong>adem\u00e1s de la campeona mundial <strong>Chepngetich y Cheruiyot, <\/strong>entre otras cracks.<\/p>\n<p>Sin embargo, una lesi\u00f3n en el gemelo izquierdo de la &#8216;gacela&#8217; de Etiop\u00eda, ha hecho que se vea forzado a abandonar la pugna, antes de que esta de comienzo:<\/p>\n<p>\u201cEstoy muy decepcionado; he sufrido una peque\u00f1a lesi\u00f3n en el gemelo izquierdo despu\u00e9s de dos sesiones de entrenamiento demasiado juntas. Pensaba que llegar\u00eda a tiempo, pero he visto que es peor de lo que esperaba y no podr\u00e9 correr.&#8221;<\/p>\n<p>Con la baja de <strong>Bekele<\/strong> para Londres, se abre la posibilidad de que el duelo de titanes se celebre en Valencia el pr\u00f3ximo 6 de diciembre&#8230; Veremos si hay r\u00e9cord del mundo en suelo valenciano, la cuna de los r\u00e9cords.<\/p>\n<hr \/>\n<div class=\"youtube-embed\" data-video_id=\"opAFHND1jy4\"><iframe title=\"TRIATL\u00d3N EN VENA \ud83d\udc89. T01E04  Campeonato de Espa\u00f1a Bilbao 2020\" width=\"696\" height=\"392\" src=\"https:\/\/www.youtube.com\/embed\/opAFHND1jy4?start=528&#038;feature=oembed\" frameborder=\"0\" allow=\"accelerometer; autoplay; clipboard-write; encrypted-media; gyroscope; picture-in-picture; web-share\" referrerpolicy=\"strict-origin-when-cross-origin\" allowfullscreen><\/iframe><\/div>\n","protected":false},"excerpt":{"rendered":"<p>Kenenisa Bekele ha informado a trav\u00e9s de su Instagram que no podr\u00e1 estar en la l\u00ednea de salida del Marat\u00f3n de Londres, debido a una lesi\u00f3n que lleva semanas perturb\u00e1ndolo El Marat\u00f3n de Londres promet\u00eda ser pura dinamita. Si ya s\u00f3lo con la presencia de uno de los dos figuras, ya se puede avanzar que [&hellip;]<\/p>\n","protected":false},"author":309,"featured_media":70197,"comment_status":"closed","ping_status":"closed","sticky":false,"template":"","format":"standard","meta":{"_acf_changed":false,"rank_math_lock_modified_date":false,"footnotes":""},"categories":[17,2033],"tags":[7993,6843,8070],"class_list":{"0":"post-70196","1":"post","2":"type-post","3":"status-publish","4":"format-standard","5":"has-post-thumbnail","7":"category-actualidad","8":"category-sport","9":"tag-bekele","10":"tag-kipchoge","11":"tag-maraton-londres"},"acf":[],"_links":{"self":[{"href":"https:\/\/miurltemporal.com/main/triatletasenred.sport.es\/wp-json\/wp\/v2\/posts\/70196"}],"collection":[{"href":"https:\/\/miurltemporal.com/main/triatletasenred.sport.es\/wp-json\/wp\/v2\/posts"}],"about":[{"href":"https:\/\/miurltemporal.com/main/triatletasenred.sport.es\/wp-json\/wp\/v2\/types\/post"}],"author":[{"embeddable":true,"href":"https:\/\/miurltemporal.com/main/triatletasenred.sport.es\/wp-json\/wp\/v2\/users\/309"}],"replies":[{"embeddable":true,"href":"https:\/\/miurltemporal.com/main/triatletasenred.sport.es\/wp-json\/wp\/v2\/comments?post=70196"}],"version-history":[{"count":0,"href":"https:\/\/miurltemporal.com/main/triatletasenred.sport.es\/wp-json\/wp\/v2\/posts\/70196\/revisions"}],"wp:featuredmedia":[{"embeddable":true,"href":"https:\/\/miurltemporal.com/main/triatletasenred.sport.es\/wp-json\/wp\/v2\/media\/70197"}],"wp:attachment":[{"href":"https:\/\/miurltemporal.com/main/triatletasenred.sport.es\/wp-json\/wp\/v2\/media?parent=70196"}],"wp:term":[{"taxonomy":"category","embeddable":true,"href":"https:\/\/miurltemporal.com/main/triatletasenred.sport.es\/wp-json\/wp\/v2\/categories?post=70196"},{"taxonomy":"post_tag","embeddable":true,"href":"https:\/\/miurltemporal.com/main/triatletasenred.sport.es\/wp-json\/wp\/v2\/tags?post=70196"}],"curies":[{"name":"wp","href":"https:\/\/api.w.org\/{rel}","templated":true}]}}