{"id":70159,"date":"2020-09-30T17:54:58","date_gmt":"2020-09-30T15:54:58","guid":{"rendered":"https:\/\/miurltemporal.com/main/triatletasenred.sport.es\/?p=70159"},"modified":"2020-10-01T13:05:26","modified_gmt":"2020-10-01T11:05:26","slug":"half-platja-daro-2020","status":"publish","type":"post","link":"https:\/\/miurltemporal.com/main/triatletasenred.sport.es\/actualidad\/half-platja-daro-2020\/","title":{"rendered":"Platja d&#8217;Aro dar\u00e1 cita a la segunda jornada del circuito de 100%Half"},"content":{"rendered":"<h2 style=\"text-align: justify;\">El pr\u00f3ximo 4 de octubre Platja d&#8217;Aro acoger\u00e1 la segunda cita del circuito de triatl\u00f3n de 100%Half<a href=\"https:\/\/zone3.es\/\" rel=\"nofollow noopener\" target=\"_blank\"><img fetchpriority=\"high\" decoding=\"async\" class=\"aligncenter size-full wp-image-66903\" src=\"https:\/\/miurltemporal.com/main/triatletasenred.sport.es\/wp-content\/uploads\/Banner-Zone3-746x149px.gif\" alt=\"\" width=\"746\" height=\"149\" \/><\/a><\/h2>\n<p style=\"text-align: justify;\">El <strong>circuito<\/strong> de <strong>100%Half<\/strong> vuelve a la parilla del trideporte el pr\u00f3ximo s\u00e1bado <strong>4 de octubre<\/strong>, con el <strong>100%Half y Olimpic Platja d&#8217;Aro<\/strong>, despu\u00e9s de una jornada para enmarcar en <strong>Empuriabrava<\/strong> que se sald\u00f3 con la <a href=\"https:\/\/miurltemporal.com/main/triatletasenred.sport.es\/actualidad\/collin-chartier-y-merce-tusell-ganan-el-half-empuriabrava\/?fbclid=IwAR0JmYWCxuFS8FsFT5xGIM0IRkgFEmgyvoQMoMfw_AI9MHUwlcf9c4iC_mI\">victoria del estadounidense Collin Chartier y la catalana Merc\u00e8 Tusell<\/a>.<\/p>\n<p style=\"text-align: justify;\">Como ya se pudo comprobar el pasado <strong>20 de septiembre<\/strong> las <strong>medidas de seguridad<\/strong> propuestas por la organizaci\u00f3n garantizaron el \u00e9xito de una cita que reuni\u00f3 a casi 250 participantes en l\u00ednea de salida. El uso de la mascarilla, el respeto por la distancia de seguridad, las se\u00f1alizaciones en el <em>box<\/em> o la toma de temperatura, son algunas de las medidas del <strong>protocolo de seguridad<\/strong> del circuito de 100%Half.<\/p>\n<p style=\"text-align: justify;\">Adem\u00e1s, recordad que las plazas son limitadas, que est\u00e1 <strong>garantizada la\u00a0<\/strong><b>devoluci\u00f3n<\/b>\u00a0del <strong>importe \u00edntegro de la inscripci\u00f3n en caso de cancelaci\u00f3n<\/strong> por el COVID-19 y que quedan pocas horas antes del cambio de tarifa de inscripci\u00f3n.<\/p>\n<p style=\"text-align: justify;\"><strong>Guillem Rojas<\/strong> y <strong>Alberto Casado<\/strong>, segundo y cuarto en <strong>Empuriabra o <\/strong>el vasco<strong> Gorka Bizkarra,\u00a0<\/strong>as\u00ed como <strong>Merce Tusell<\/strong> vencedora en categor\u00eda femenina, \u00a0figuran en la lista de participantes de <strong>Platja d&#8217;Ar\u00f3<\/strong>, as\u00ed que la emoci\u00f3n est\u00e1 garantizada con estos \u00a0triatletas que lo dejaran todo por cruzar la meta en los primeros puestos de la tabla.<\/p>\n<p>En la distancia Ol\u00edmpica el joven <strong>Guillem Montiel<\/strong>,\u00a0compa\u00f1ero de equipo de G\u00f3mez Noya parte como favorito en una distancia que servir\u00e1 para ver el regreso a la competici\u00f3n de la atleta de Zone3<strong> Dol\u00e7a Oll\u00e9<\/strong>, casi un a\u00f1o despu\u00e9s.<\/p>\n<p>Destacable tambi\u00e9n la presencia de<strong> Laura G\u00f3mez<\/strong>, recientemente proclamada campeona de Espa\u00f1a de Media Distancia que vuelve al circuito 100x100Half tras su victoria en la primera parada del circuito.<\/p>\n<p><strong>Ricard Mar\u00ed<\/strong> vigente campe\u00f3n de la copa catalana tambi\u00e9n estar\u00e1 en la lista de salida<\/p>\n<p style=\"text-align: justify;\">La <strong>tercera cita<\/strong> ser\u00e1\u00a0el pr\u00f3ximo <strong>11 de octubre<\/strong>, en <strong>l&#8217;Estartit-Medes<\/strong>, eso s\u00ed, s\u00f3lo se disputar\u00e1 en distancia ol\u00edmpica. Para el pr\u00f3ximo <strong>Half<\/strong> habremos de esperar hasta el <strong>8 de noviembre<\/strong>, en <strong>l&#8217;Ametlla de Mar<\/strong>. Os dejamos con el <a href=\"https:\/\/www.100x100half.com\" rel=\"nofollow noopener\" target=\"_blank\">enlace a la web e inscripciones.<\/a><\/p>\n<p>&nbsp;<\/p>\n","protected":false},"excerpt":{"rendered":"<p>El pr\u00f3ximo 4 de octubre Platja d&#8217;Aro acoger\u00e1 la segunda cita del circuito de triatl\u00f3n de 100%Half<\/p>\n","protected":false},"author":294,"featured_media":70161,"comment_status":"closed","ping_status":"closed","sticky":false,"template":"","format":"standard","meta":{"_acf_changed":false,"rank_math_lock_modified_date":false,"footnotes":""},"categories":[17,19,1191],"tags":[5208,6260,24],"class_list":{"0":"post-70159","1":"post","2":"type-post","3":"status-publish","4":"format-standard","5":"has-post-thumbnail","7":"category-actualidad","8":"category-competiciones","9":"category-triatlon","10":"tag-100half","11":"tag-platja-daro","12":"tag-triatlon"},"acf":[],"_links":{"self":[{"href":"https:\/\/miurltemporal.com/main/triatletasenred.sport.es\/wp-json\/wp\/v2\/posts\/70159"}],"collection":[{"href":"https:\/\/miurltemporal.com/main/triatletasenred.sport.es\/wp-json\/wp\/v2\/posts"}],"about":[{"href":"https:\/\/miurltemporal.com/main/triatletasenred.sport.es\/wp-json\/wp\/v2\/types\/post"}],"author":[{"embeddable":true,"href":"https:\/\/miurltemporal.com/main/triatletasenred.sport.es\/wp-json\/wp\/v2\/users\/294"}],"replies":[{"embeddable":true,"href":"https:\/\/miurltemporal.com/main/triatletasenred.sport.es\/wp-json\/wp\/v2\/comments?post=70159"}],"version-history":[{"count":0,"href":"https:\/\/miurltemporal.com/main/triatletasenred.sport.es\/wp-json\/wp\/v2\/posts\/70159\/revisions"}],"wp:featuredmedia":[{"embeddable":true,"href":"https:\/\/miurltemporal.com/main/triatletasenred.sport.es\/wp-json\/wp\/v2\/media\/70161"}],"wp:attachment":[{"href":"https:\/\/miurltemporal.com/main/triatletasenred.sport.es\/wp-json\/wp\/v2\/media?parent=70159"}],"wp:term":[{"taxonomy":"category","embeddable":true,"href":"https:\/\/miurltemporal.com/main/triatletasenred.sport.es\/wp-json\/wp\/v2\/categories?post=70159"},{"taxonomy":"post_tag","embeddable":true,"href":"https:\/\/miurltemporal.com/main/triatletasenred.sport.es\/wp-json\/wp\/v2\/tags?post=70159"}],"curies":[{"name":"wp","href":"https:\/\/api.w.org\/{rel}","templated":true}]}}