{"id":69867,"date":"2020-09-12T07:00:03","date_gmt":"2020-09-12T05:00:03","guid":{"rendered":"https:\/\/miurltemporal.com/main/triatletasenred.sport.es\/?p=69867"},"modified":"2020-09-12T04:15:40","modified_gmt":"2020-09-12T02:15:40","slug":"triarmada-karlovy-vary","status":"publish","type":"post","link":"https:\/\/miurltemporal.com/main/triatletasenred.sport.es\/actualidad\/triarmada-karlovy-vary\/","title":{"rendered":"La #TriArmada al asalto de Karlovy Vary este domingo"},"content":{"rendered":"<h3>La Copa del Mundo de Karlovy Vary tendr\u00e1 representaci\u00f3n espa\u00f1ola con muchas opciones a redimirse de la Gran Final de Hamburgo, en una prueba con much\u00edsimo nivel<\/h3>\n<p><a href=\"https:\/\/zone3.es\/\" rel=\"nofollow noopener\" target=\"_blank\"><img fetchpriority=\"high\" decoding=\"async\" class=\"aligncenter size-full wp-image-66903\" src=\"https:\/\/miurltemporal.com/main/triatletasenred.sport.es\/wp-content\/uploads\/Banner-Zone3-746x149px.gif\" alt=\"\" width=\"746\" height=\"149\" \/><\/a>Aprovechando la participaci\u00f3n en WTS Hamburgo, son muchos los triatletas -entre ellos, los flamantes Campeones del Mundo, <strong>Vincent Luis <\/strong>y<strong> Georgia Taylor-Brown<\/strong>&#8211; que har\u00e1n parada en la Rep\u00fablica Checa, para disputar la Copa del Mundo en distancia ol\u00edmpica, despu\u00e9s de que la Gran Final se desarrollase en formato sprint.<\/p>\n<p>El principal atractivo de la carrera, va a estar en el dur\u00edsimo tramo ciclista, que contar\u00e1 con 7 pasos por una exigente subida, que ha sido revisada por Richard Murray hace un par de d\u00edas, ofreciendo los datos del potenci\u00f3metro, que ya asombran en un rodaje f\u00e1cil. Por ello, no ser\u00eda raro que los grandes especialistas aprovechasen este tramo para romper las piernas de los contendientes,\u00a0 para mermar sus fuerzas de cara a la T2 o para probar una escapada.<\/p>\n<p>El resto de la carrera estar\u00e1 plagado de secciones t\u00e9cnicas por dentro del casco urbano de la ciudad, que ser\u00e1n muy favorables para cualquier escapada o colaboraci\u00f3n por parte de grupos muy selectos.<\/p>\n<div class=\"youtube-embed\" data-video_id=\"hNl5dH5596E\"><iframe title=\"Epic Bike Course Preview , With  Power Data : ITU World Cup Karlovy Vary Czech Republic\" width=\"696\" height=\"392\" src=\"https:\/\/www.youtube.com\/embed\/hNl5dH5596E?feature=oembed&#038;enablejsapi=1\" frameborder=\"0\" allow=\"accelerometer; autoplay; encrypted-media; gyroscope; picture-in-picture\" allowfullscreen><\/iframe><\/div>\n<p>La delegaci\u00f3n espa\u00f1ola estar\u00e1 formada por <strong>Antonio Serrat,<\/strong>\u00a0<strong>Anna Godoy,<\/strong> <strong>Roberto S\u00e1nchez, Genis Grau, Miriam Casillas y Xisca Tous<\/strong>, que ya estuvieron en Hamburgo, y a los que se suman <strong>David Castro y Marta S\u00e1nchez.<\/strong><\/p>\n<p>Los rivales a batir en categor\u00eda masculina van a ser <strong>Vincent Luis, Murray,<\/strong> seguido del tr\u00edo noruego con <strong>Iden, &#8216;Blu&#8217; y Stornes<\/strong>, adem\u00e1s de la escuadra <em>yankee.<\/em><\/p>\n<p>En f\u00e9minas, <strong>Katie Zaferes y Taylor-Brown<\/strong> van a ser las dos favoritas al triunfo, aunque tambi\u00e9n se prev\u00e9 que <strong>Flora Duffy, Learmonth, Lindemann y<\/strong>\u00a0<strong>Rachel Klamer<\/strong><\/p>\n<p>Ambas pruebas podr\u00e1n seguirse en directo por carreras podr\u00e1n ser seguidas el domingo por <a href=\"https:\/\/www.triathlonlive.tv\/\" rel=\"nofollow noopener\" target=\"_blank\">TriathlonLIVE<\/a><\/p>\n<hr \/>\n<p>Horarios Copa del Mundo \u2013 Karlovy Vary<\/p>\n<ul>\n<li>\u00c9lite masculina 10:00, pod\u00e9is consultar <a href=\"https:\/\/www.triathlon.org\/events\/start_list\/2020_karlovy_vary_itu_triathlon_world_cup\/353180\" rel=\"nofollow noopener\" target=\"_blank\">la start list aqu\u00ed<\/a><\/li>\n<li>\u00c9lite femenina 15:00,\u00a0pod\u00e9is consultar <a href=\"https:\/\/www.triathlon.org\/events\/start_list\/2020_karlovy_vary_itu_triathlon_world_cup\/353181\" rel=\"nofollow noopener\" target=\"_blank\">la start list aqu\u00ed<\/a><\/li>\n<\/ul>\n<hr \/>\n<div class=\"youtube-embed\" data-video_id=\"TFoMlKrazgI\"><iframe title=\"TRIATL\u00d3N EN VENA \ud83d\udc89. T01E02 Especial Campeonato de Espa\u00f1a Banyoles 2020\" width=\"696\" height=\"392\" src=\"https:\/\/www.youtube.com\/embed\/TFoMlKrazgI?start=1&#038;feature=oembed\" frameborder=\"0\" allow=\"accelerometer; autoplay; clipboard-write; encrypted-media; gyroscope; picture-in-picture; web-share\" referrerpolicy=\"strict-origin-when-cross-origin\" allowfullscreen><\/iframe><\/div>\n","protected":false},"excerpt":{"rendered":"<p>La Copa del Mundo de Karlovy Vary tendr\u00e1 representaci\u00f3n espa\u00f1ola con muchas opciones a redimirse de la Gran Final de Hamburgo, en una prueba con much\u00edsimo nivel Aprovechando la participaci\u00f3n en WTS Hamburgo, son muchos los triatletas -entre ellos, los flamantes Campeones del Mundo, Vincent Luis y Georgia Taylor-Brown&#8211; que har\u00e1n parada en la Rep\u00fablica [&hellip;]<\/p>\n","protected":false},"author":309,"featured_media":69868,"comment_status":"closed","ping_status":"closed","sticky":false,"template":"","format":"standard","meta":{"_acf_changed":false,"rank_math_lock_modified_date":false,"footnotes":""},"categories":[17],"tags":[565,1574],"class_list":{"0":"post-69867","1":"post","2":"type-post","3":"status-publish","4":"format-standard","5":"has-post-thumbnail","7":"category-actualidad","8":"tag-fetri","9":"tag-triarmada"},"acf":[],"_links":{"self":[{"href":"https:\/\/miurltemporal.com/main/triatletasenred.sport.es\/wp-json\/wp\/v2\/posts\/69867"}],"collection":[{"href":"https:\/\/miurltemporal.com/main/triatletasenred.sport.es\/wp-json\/wp\/v2\/posts"}],"about":[{"href":"https:\/\/miurltemporal.com/main/triatletasenred.sport.es\/wp-json\/wp\/v2\/types\/post"}],"author":[{"embeddable":true,"href":"https:\/\/miurltemporal.com/main/triatletasenred.sport.es\/wp-json\/wp\/v2\/users\/309"}],"replies":[{"embeddable":true,"href":"https:\/\/miurltemporal.com/main/triatletasenred.sport.es\/wp-json\/wp\/v2\/comments?post=69867"}],"version-history":[{"count":0,"href":"https:\/\/miurltemporal.com/main/triatletasenred.sport.es\/wp-json\/wp\/v2\/posts\/69867\/revisions"}],"wp:featuredmedia":[{"embeddable":true,"href":"https:\/\/miurltemporal.com/main/triatletasenred.sport.es\/wp-json\/wp\/v2\/media\/69868"}],"wp:attachment":[{"href":"https:\/\/miurltemporal.com/main/triatletasenred.sport.es\/wp-json\/wp\/v2\/media?parent=69867"}],"wp:term":[{"taxonomy":"category","embeddable":true,"href":"https:\/\/miurltemporal.com/main/triatletasenred.sport.es\/wp-json\/wp\/v2\/categories?post=69867"},{"taxonomy":"post_tag","embeddable":true,"href":"https:\/\/miurltemporal.com/main/triatletasenred.sport.es\/wp-json\/wp\/v2\/tags?post=69867"}],"curies":[{"name":"wp","href":"https:\/\/api.w.org\/{rel}","templated":true}]}}