{"id":69800,"date":"2020-09-11T07:00:51","date_gmt":"2020-09-11T05:00:51","guid":{"rendered":"https:\/\/miurltemporal.com/main/triatletasenred.sport.es\/?p=69800"},"modified":"2020-09-11T15:29:33","modified_gmt":"2020-09-11T13:29:33","slug":"el-triatlon-vuelve-a-empuriabrava-de-la-mano-de-100x100-half","status":"publish","type":"post","link":"https:\/\/miurltemporal.com/main/triatletasenred.sport.es\/actualidad\/el-triatlon-vuelve-a-empuriabrava-de-la-mano-de-100x100-half\/","title":{"rendered":"El triatl\u00f3n vuelve a Empuriabrava de la mano de 100&#215;100 Half"},"content":{"rendered":"<h2 style=\"text-align: justify;\">El circuito de pruebas de 100&#215;100 Half reaparece en escena el pr\u00f3ximo 20 de septiembre en Empuriabrava<\/h2>\n<p><a href=\"https:\/\/zone3.es\/\" rel=\"nofollow noopener\" target=\"_blank\"><img fetchpriority=\"high\" decoding=\"async\" class=\"aligncenter size-full wp-image-66903\" src=\"https:\/\/miurltemporal.com/main/triatletasenred.sport.es\/wp-content\/uploads\/Banner-Zone3-746x149px.gif\" alt=\"\" width=\"746\" height=\"149\" \/><\/a><\/p>\n<p style=\"text-align: justify;\">El calendario de <strong>100&#215;100 Half<\/strong> vuelve a la carga este septiembre con hasta <strong>7 pruebas<\/strong>, entre <strong>Distancia Ol\u00edmpica<\/strong> y <strong>Media Distancia sin <em>drafting<\/em><\/strong>, y en <strong>4 localizaciones<\/strong> diferentes pero f\u00e1cilmente reconocibles para aquellos que ya han disfrutado del buen hacer de la gente de <strong>Diversport<\/strong>, como son: <strong>Empuriabrava<\/strong>, <strong>Platja d&#8217;Aro<\/strong>, <strong>l&#8217;Estartit-Medes<\/strong> y <strong>l&#8217;Ametlla de Mar<\/strong>.<\/p>\n<p style=\"text-align: justify;\">En una <strong>temporada marcada por la emergencia sanitaria<\/strong>, que ha afectado ineludiblemente el mundo del deporte, los organizadores han decidido reanudar el circuito de competiciones, eso s\u00ed, con las pertinentes <strong>medidas de seguridad<\/strong> para los participantes, y <strong>limitando las plazas<\/strong> siguiendo las instrucciones de sanidad, <strong>garantizando<\/strong> adem\u00e1s el <strong>importe \u00edntegro de la inscripci\u00f3n en caso de cancelaci\u00f3n<\/strong> por el COVID-19.<\/p>\n<p style=\"text-align: justify;\">De esta manera, <strong>Empuriabrava<\/strong> tiene una cita con el triatl\u00f3n el pr\u00f3ximo <strong>20 de septiembre<\/strong>. Si quer\u00e9is estar en la l\u00ednea de salida tened en cuenta el l\u00edmite de plazas. La prueba de <strong>Distancia Ol\u00edmpica<\/strong> ha conseguido ja el <strong><em>sold out. <\/em><\/strong>Adem\u00e1s, en la lista de inscritos figura\u00a0el nombre de un ilustre del trideporte, <strong>Iv\u00e1n Mu\u00f1oz Tebar<\/strong>, descubridor de <strong>Mario Mola<\/strong> y entrenador de triatletas \u00e9lite, como <strong>Judith Corach\u00e1n<\/strong>.<\/p>\n<p style=\"text-align: justify;\">El <strong>plato estrella del men\u00fa<\/strong>, la prueba de Media Distancia, contar\u00e1 con los atletas de <strong>ZONE3<\/strong>, \u00a0<strong>Cristobal Dios<\/strong> y <strong>Guillem Rojas<\/strong>, como grandes favoritos al triunfo en una jornada que seguro no deja indiferente a nadie.<\/p>\n<p style=\"text-align: justify;\">Los recorridos de las diferentes segmentos est\u00e1n cuidados al detalle, situ\u00e1ndose en parajes naturales de gran belleza y atractivo como el <strong>Parque Natural Aiguamolls de l&#8217;Empord\u00e0<\/strong> o la localidad medieval de <strong>Castell\u00f3 d&#8217;Empuries<\/strong>.<\/p>\n<p style=\"text-align: justify;\"><strong>Platja d&#8217;Aro<\/strong> acoger\u00e1 la segunda parada, con un <strong>Half y Ol\u00edmpico sin drafting<\/strong>, el pr\u00f3ximo 4 de \u00a0octubre. Os dejamos con el <a href=\"https:\/\/www.100x100half.com\" rel=\"nofollow noopener\" target=\"_blank\">enlace a la web e inscripciones.<\/a><\/p>\n<hr \/>\n<div class=\"youtube-embed\" data-video_id=\"Yew2xuVsD6g\"><iframe title=\"#EnCuarentena con Roberto Cejuela. EL PROFESOR al habla\" width=\"696\" height=\"392\" src=\"https:\/\/www.youtube.com\/embed\/Yew2xuVsD6g?start=438&#038;feature=oembed\" frameborder=\"0\" allow=\"accelerometer; autoplay; encrypted-media; gyroscope; picture-in-picture\" allowfullscreen><\/iframe><\/div>\n","protected":false},"excerpt":{"rendered":"<p>El circuito de pruebas de 100&#215;100 Half reaparece en escena el pr\u00f3ximo 20 de septiembre en Empuriabrava El calendario de 100&#215;100 Half vuelve a la carga este septiembre con hasta 7 pruebas, entre Distancia Ol\u00edmpica y Media Distancia sin drafting, y en 4 localizaciones diferentes pero f\u00e1cilmente reconocibles para aquellos que ya han disfrutado del [&hellip;]<\/p>\n","protected":false},"author":294,"featured_media":50305,"comment_status":"closed","ping_status":"closed","sticky":false,"template":"","format":"standard","meta":{"_acf_changed":false,"rank_math_lock_modified_date":false,"footnotes":""},"categories":[17,19,1191],"tags":[7959,4413,8029],"class_list":{"0":"post-69800","1":"post","2":"type-post","3":"status-publish","4":"format-standard","5":"has-post-thumbnail","7":"category-actualidad","8":"category-competiciones","9":"category-triatlon","10":"tag-100x100-half-2020","11":"tag-media-distancia","12":"tag-sin-drafting"},"acf":[],"_links":{"self":[{"href":"https:\/\/miurltemporal.com/main/triatletasenred.sport.es\/wp-json\/wp\/v2\/posts\/69800"}],"collection":[{"href":"https:\/\/miurltemporal.com/main/triatletasenred.sport.es\/wp-json\/wp\/v2\/posts"}],"about":[{"href":"https:\/\/miurltemporal.com/main/triatletasenred.sport.es\/wp-json\/wp\/v2\/types\/post"}],"author":[{"embeddable":true,"href":"https:\/\/miurltemporal.com/main/triatletasenred.sport.es\/wp-json\/wp\/v2\/users\/294"}],"replies":[{"embeddable":true,"href":"https:\/\/miurltemporal.com/main/triatletasenred.sport.es\/wp-json\/wp\/v2\/comments?post=69800"}],"version-history":[{"count":0,"href":"https:\/\/miurltemporal.com/main/triatletasenred.sport.es\/wp-json\/wp\/v2\/posts\/69800\/revisions"}],"wp:featuredmedia":[{"embeddable":true,"href":"https:\/\/miurltemporal.com/main/triatletasenred.sport.es\/wp-json\/wp\/v2\/media\/50305"}],"wp:attachment":[{"href":"https:\/\/miurltemporal.com/main/triatletasenred.sport.es\/wp-json\/wp\/v2\/media?parent=69800"}],"wp:term":[{"taxonomy":"category","embeddable":true,"href":"https:\/\/miurltemporal.com/main/triatletasenred.sport.es\/wp-json\/wp\/v2\/categories?post=69800"},{"taxonomy":"post_tag","embeddable":true,"href":"https:\/\/miurltemporal.com/main/triatletasenred.sport.es\/wp-json\/wp\/v2\/tags?post=69800"}],"curies":[{"name":"wp","href":"https:\/\/api.w.org\/{rel}","templated":true}]}}