{"id":69755,"date":"2020-09-05T19:49:43","date_gmt":"2020-09-05T17:49:43","guid":{"rendered":"https:\/\/miurltemporal.com/main/triatletasenred.sport.es\/?p=69755"},"modified":"2020-09-06T12:05:19","modified_gmt":"2020-09-06T10:05:19","slug":"alberto-gonzalez-campeon-de-espana-de-triatlon","status":"publish","type":"post","link":"https:\/\/miurltemporal.com/main/triatletasenred.sport.es\/actualidad\/alberto-gonzalez-campeon-de-espana-de-triatlon\/","title":{"rendered":"Alberto Gonz\u00e1lez, Campe\u00f3n de Espa\u00f1a de Triatl\u00f3n"},"content":{"rendered":"<h3>El andaluz consigue su segundo t\u00edtulo nacional, despu\u00e9s de una pugna con un valiente Kevin Tarek y \u00c1ngel S\u00e1nchez<\/h3>\n<p><a href=\"https:\/\/zone3.es\/\" rel=\"nofollow noopener\" target=\"_blank\"><img fetchpriority=\"high\" decoding=\"async\" class=\"aligncenter size-full wp-image-66903\" src=\"https:\/\/miurltemporal.com/main/triatletasenred.sport.es\/wp-content\/uploads\/Banner-Zone3-746x149px.gif\" alt=\"\" width=\"746\" height=\"149\" \/><\/a><\/p>\n<p>Nataci\u00f3n limpia a una sola vuelta de 1500m, que ha dejado a <strong>Kevin Tarek y Ander Noain\u00a0<\/strong>solos en cabeza, aunque al pase por la 3\u00aa vuelta, el grupo perseguidor empujado por triatletas del Diablillos de Rivas.<\/p>\n<p>Al paso por la \u00faltima de las vueltas, los dos grupos se fusionan y se bajan juntos todos los favoritos en T2.<\/p>\n<p>Desde el primer kil\u00f3metro, se forma un grupo delantero con Noain, Kevin Tarek, Alberto Gonz\u00e1lez, Guillem Montiel, Pereira, Lucas Mola, Cend\u00e1n, Ar\u00e9valo, \u00c1ngel S\u00e1nchez.<\/p>\n<p>Al paso por la segunda vuelta, Kevin Tarek se encarga de endurecer el ritmo y selecciona el grupo a 4 unidades, con Gonz\u00e1lez, S\u00e1nchez y Cend\u00e1n.<\/p>\n<p>En los \u00faltimos kil\u00f3metros, Cend\u00e1n cede, y es el tr\u00edo cabecero que luchar\u00e1 por la victoria.<\/p>\n<p>En la recta de meta, Alberto cambia el ritmo y se lleva el t\u00edtulo por delante de \u00c1ngel S\u00e1nchez y Kevin Tarek<\/p>\n","protected":false},"excerpt":{"rendered":"<p>El andaluz consigue su segundo t\u00edtulo nacional, despu\u00e9s de una pugna con un valiente Kevin Tarek y \u00c1ngel S\u00e1nchez Nataci\u00f3n limpia a una sola vuelta de 1500m, que ha dejado a Kevin Tarek y Ander Noain\u00a0solos en cabeza, aunque al pase por la 3\u00aa vuelta, el grupo perseguidor empujado por triatletas del Diablillos de Rivas. [&hellip;]<\/p>\n","protected":false},"author":309,"featured_media":69756,"comment_status":"closed","ping_status":"closed","sticky":false,"template":"","format":"standard","meta":{"_acf_changed":false,"rank_math_lock_modified_date":false,"footnotes":""},"categories":[17,19],"tags":[565],"class_list":{"0":"post-69755","1":"post","2":"type-post","3":"status-publish","4":"format-standard","5":"has-post-thumbnail","7":"category-actualidad","8":"category-competiciones","9":"tag-fetri"},"acf":[],"_links":{"self":[{"href":"https:\/\/miurltemporal.com/main/triatletasenred.sport.es\/wp-json\/wp\/v2\/posts\/69755"}],"collection":[{"href":"https:\/\/miurltemporal.com/main/triatletasenred.sport.es\/wp-json\/wp\/v2\/posts"}],"about":[{"href":"https:\/\/miurltemporal.com/main/triatletasenred.sport.es\/wp-json\/wp\/v2\/types\/post"}],"author":[{"embeddable":true,"href":"https:\/\/miurltemporal.com/main/triatletasenred.sport.es\/wp-json\/wp\/v2\/users\/309"}],"replies":[{"embeddable":true,"href":"https:\/\/miurltemporal.com/main/triatletasenred.sport.es\/wp-json\/wp\/v2\/comments?post=69755"}],"version-history":[{"count":0,"href":"https:\/\/miurltemporal.com/main/triatletasenred.sport.es\/wp-json\/wp\/v2\/posts\/69755\/revisions"}],"wp:featuredmedia":[{"embeddable":true,"href":"https:\/\/miurltemporal.com/main/triatletasenred.sport.es\/wp-json\/wp\/v2\/media\/69756"}],"wp:attachment":[{"href":"https:\/\/miurltemporal.com/main/triatletasenred.sport.es\/wp-json\/wp\/v2\/media?parent=69755"}],"wp:term":[{"taxonomy":"category","embeddable":true,"href":"https:\/\/miurltemporal.com/main/triatletasenred.sport.es\/wp-json\/wp\/v2\/categories?post=69755"},{"taxonomy":"post_tag","embeddable":true,"href":"https:\/\/miurltemporal.com/main/triatletasenred.sport.es\/wp-json\/wp\/v2\/tags?post=69755"}],"curies":[{"name":"wp","href":"https:\/\/api.w.org\/{rel}","templated":true}]}}