{"id":69742,"date":"2020-09-05T05:31:33","date_gmt":"2020-09-05T03:31:33","guid":{"rendered":"https:\/\/miurltemporal.com/main/triatletasenred.sport.es\/?p=69742"},"modified":"2020-09-06T11:57:48","modified_gmt":"2020-09-06T09:57:48","slug":"como-seguir-banyoles-triatlon-hamburgo","status":"publish","type":"post","link":"https:\/\/miurltemporal.com/main/triatletasenred.sport.es\/actualidad\/como-seguir-banyoles-triatlon-hamburgo\/","title":{"rendered":"\u00bfC\u00f3mo seguir en directo el Mundial ITU, Cto. Esp. Banyoles y el GP franc\u00e9s?"},"content":{"rendered":"<h3>El Campeonato del Mundo, el Campeonato de Espa\u00f1a y el GP Quiberon se juegan ma\u00f1ana a horas similares, por lo que habr\u00e1 que estar atento a m\u00faltiples flancos<\/h3>\n<p><\/a><\/p>\n<p>Hoy promete ser uno de los d\u00edas que van a eclipsar muchos de los baches que ha superado el mundo del triatl\u00f3n para que las competiciones de alto nivel, vuelvan a ocupar las portadas de los portales especializados.<\/p>\n<hr \/>\n<h3>Mundial Hamburgo<\/h3>\n<p>Ambas carreras podr\u00e1n verse en directo por internet a trav\u00e9s de +<a href=\"https:\/\/www.rtve.es\/deportes\/mas-tdp\/directo\/\" rel=\"nofollow noopener\" target=\"_blank\">TDP<\/a>, y en el canal Teledeporte la prueba masculina. Asimismo, <a href=\"https:\/\/www.triathlonlive.tv\/?src=main_nav\" rel=\"nofollow noopener\" target=\"_blank\">TriathlonLive<\/a> ofrecer\u00e1 la carrera con entrevistas antes y despu\u00e9s, como ya viene siendo habitual.<\/p>\n<p><strong>Horarios<\/strong>:<\/p>\n<p>16:00 salida Hombres \u00c9lite, con <strong>Fernando Alarza, Antonio Serrat, Roberto S\u00e1nchez-Mantec\u00f3n, Gen\u00eds Grau y Mario Mola.<\/strong><\/p>\n<p>18:00 salida Mujeres \u00c9lite, con <strong>Anna Godoy, Sara P\u00e9rez, Carol Routier, Miriam Casillas y Xisca Tous.<\/strong><\/p>\n<p>El domingo se ofrecer\u00e1 el Mundial por relevos mixtos, en el mismo portal <a href=\"https:\/\/www.rtve.es\/deportes\/mas-tdp\/directo\/\" rel=\"nofollow noopener\" target=\"_blank\">TDP<\/a> y <a href=\"https:\/\/www.triathlonlive.tv\/?src=main_nav\" rel=\"nofollow noopener\" target=\"_blank\">TriathlonLive, <\/a>a las 13:30.<\/p>\n<hr \/>\n<h3>Campeonato de Espa\u00f1a<\/h3>\n<p>Ambas carreras podr\u00e1n seguirse en directo por LaLigaSports, a <a href=\"https:\/\/www.laligasportstv.com\/scheduled-livestream\/ll-4ee147b7-187c-412d-8c4e-08d84e9a36bd\" rel=\"nofollow noopener\" target=\"_blank\">trav\u00e9s del siguiente enlace.<\/a><\/p>\n<p><strong>Horarios s\u00e1bado:<\/strong><\/p>\n<p>15:00 salida Mujeres \u00c9lite<\/p>\n<p>18:00 salida Hombres \u00c9lite<\/p>\n<p>El Campeonato Nacional por relevos mixtos del domingo ser\u00e1 a las 12:30.<\/p>\n<p>Pod\u00e9is consultar la <a href=\"https:\/\/miurltemporal.com/main/triatletasenred.sport.es\/actualidad\/los-favoritos-al-campeonato-de-espana-de-triatlon\/\">lista de favoritos aqu\u00ed<\/a><\/p>\n<p>Adjuntamos la reuni\u00f3n t\u00e9cnica de la FETRI:<\/p>\n<div class=\"youtube-embed\" data-video_id=\"vnj30bUzODc\"><iframe title=\"#FETRIBanyoles Reuni\u00f3n T\u00e9cnica \u00c9lite\" width=\"696\" height=\"392\" src=\"https:\/\/www.youtube.com\/embed\/vnj30bUzODc?start=1361&#038;feature=oembed\" frameborder=\"0\" allow=\"accelerometer; autoplay; encrypted-media; gyroscope; picture-in-picture\" allowfullscreen><\/iframe><\/div>\n<hr \/>\n<h3>GP Quiberon<\/h3>\n<p><a href=\"https:\/\/miurltemporal.com/main/triatletasenred.sport.es\/actualidad\/gomez-noya-correra-en-el-gp-quiberon-este-sabado\/\">La pugna de los &#8216;renegados&#8217; ITU<\/a> podr\u00e1 seguirse a trav\u00e9s de <a href=\"https:\/\/twitter.com\/FFTRI\" rel=\"nofollow noopener\" target=\"_blank\">Twitter oficial de la Federaci\u00f3n Francesa de Triatl\u00f3n.<\/a><\/p>\n<p><strong>G\u00f3mez Noya, Godoy<\/strong> y <strong>Castro<\/strong> en categor\u00eda masculina y <strong>Marta S\u00e1nchez, Ana Mariblanca<\/strong> y <strong>Carmen G\u00f3mez<\/strong> en f\u00e9minas, ser\u00e1n nuestros representantes.<\/p>\n","protected":false},"excerpt":{"rendered":"<p>El Campeonato del Mundo, el Campeonato de Espa\u00f1a y el GP Quiberon se juegan ma\u00f1ana a horas similares, por lo que habr\u00e1 que estar atento a m\u00faltiples flancos Hoy promete ser uno de los d\u00edas que van a eclipsar muchos de los baches que ha superado el mundo del triatl\u00f3n para que las competiciones de [&hellip;]<\/p>\n","protected":false},"author":309,"featured_media":69744,"comment_status":"closed","ping_status":"closed","sticky":false,"template":"","format":"standard","meta":{"_acf_changed":false,"rank_math_lock_modified_date":false,"footnotes":""},"categories":[17],"tags":[],"class_list":{"0":"post-69742","1":"post","2":"type-post","3":"status-publish","4":"format-standard","5":"has-post-thumbnail","7":"category-actualidad"},"acf":[],"_links":{"self":[{"href":"https:\/\/miurltemporal.com/main/triatletasenred.sport.es\/wp-json\/wp\/v2\/posts\/69742"}],"collection":[{"href":"https:\/\/miurltemporal.com/main/triatletasenred.sport.es\/wp-json\/wp\/v2\/posts"}],"about":[{"href":"https:\/\/miurltemporal.com/main/triatletasenred.sport.es\/wp-json\/wp\/v2\/types\/post"}],"author":[{"embeddable":true,"href":"https:\/\/miurltemporal.com/main/triatletasenred.sport.es\/wp-json\/wp\/v2\/users\/309"}],"replies":[{"embeddable":true,"href":"https:\/\/miurltemporal.com/main/triatletasenred.sport.es\/wp-json\/wp\/v2\/comments?post=69742"}],"version-history":[{"count":0,"href":"https:\/\/miurltemporal.com/main/triatletasenred.sport.es\/wp-json\/wp\/v2\/posts\/69742\/revisions"}],"wp:featuredmedia":[{"embeddable":true,"href":"https:\/\/miurltemporal.com/main/triatletasenred.sport.es\/wp-json\/wp\/v2\/media\/69744"}],"wp:attachment":[{"href":"https:\/\/miurltemporal.com/main/triatletasenred.sport.es\/wp-json\/wp\/v2\/media?parent=69742"}],"wp:term":[{"taxonomy":"category","embeddable":true,"href":"https:\/\/miurltemporal.com/main/triatletasenred.sport.es\/wp-json\/wp\/v2\/categories?post=69742"},{"taxonomy":"post_tag","embeddable":true,"href":"https:\/\/miurltemporal.com/main/triatletasenred.sport.es\/wp-json\/wp\/v2\/tags?post=69742"}],"curies":[{"name":"wp","href":"https:\/\/api.w.org\/{rel}","templated":true}]}}