{"id":69670,"date":"2020-08-30T18:25:32","date_gmt":"2020-08-30T16:25:32","guid":{"rendered":"https:\/\/miurltemporal.com/main/triatletasenred.sport.es\/?p=69670"},"modified":"2020-09-06T11:36:51","modified_gmt":"2020-09-06T09:36:51","slug":"erik-merino-4o-en-el-vercorsman","status":"publish","type":"post","link":"https:\/\/miurltemporal.com/main/triatletasenred.sport.es\/actualidad\/erik-merino-4o-en-el-vercorsman\/","title":{"rendered":"Erik Merino, 4\u00ba en el Vercorsman"},"content":{"rendered":"<h3>El primer triatl\u00f3n de alta monta\u00f1a de la temporada se ha saldado con la victoria del experto duatleta Van Looy, en una prueba donde la climatolog\u00eda ha endurecido la jornada<\/h3>\n<p><a href=\"https:\/\/zone3.es\/\" rel=\"nofollow noopener\" target=\"_blank\"><img fetchpriority=\"high\" decoding=\"async\" class=\"aligncenter size-full wp-image-66903\" src=\"https:\/\/miurltemporal.com/main/triatletasenred.sport.es\/wp-content\/uploads\/Banner-Zone3-746x149px.gif\" alt=\"\" width=\"746\" height=\"149\" \/><\/a><\/p>\n<p>El Vercorsman ha salvado la temporada de muchos de los expertos en este tipo de triatlones, donde el desnivel y las monta\u00f1as, son los principales rivales de los atletas que toman la salida de pruebas como el Embrunman, Alpe d&#8217;Huez, Altriman&#8230; entre otros.<\/p>\n<p>En la carrera de hoy, que se desarrollaba bajo distancia de 2,2km de nado, 120km en bici con 3000m de desnivel y 22km a pie, nuestra baza era <strong>Erik Merino. <\/strong>El catal\u00e1n ha estado metido todo el rato en la pomada, bajo unas condiciones brutales de temperatura, que en muchos momentos ha estado por debajo de los 5 grados, y que han marcado el gui\u00f3n de la carrera.<\/p>\n<p>Por ende, el segmento de bici ha sido decisivo para deparar los puestos finales de la carrera, ya que ha sido un experto en duatl\u00f3n, <strong>Van Looy,<\/strong> qui\u00e9n ha ganado la prueba despu\u00e9s de un gran tramo en bici y un remate de la faena a pie, a\u00fan dej\u00e1ndose m\u00e1s de 8 minutos. El franc\u00e9s <strong>Montoya y <\/strong><strong>Timothy Van Houtem<\/strong> completan el podio.<\/p>\n<p>https:\/\/www.instagram.com\/p\/CEfBYuFIyFg\/<\/p>\n<p>&nbsp;<\/p>\n","protected":false},"excerpt":{"rendered":"<p>El primer triatl\u00f3n de alta monta\u00f1a de la temporada se ha saldado con la victoria del experto duatleta Van Looy, en una prueba donde la climatolog\u00eda ha endurecido la jornada El Vercorsman ha salvado la temporada de muchos de los expertos en este tipo de triatlones, donde el desnivel y las monta\u00f1as, son los principales [&hellip;]<\/p>\n","protected":false},"author":309,"featured_media":69672,"comment_status":"closed","ping_status":"closed","sticky":false,"template":"","format":"standard","meta":{"_acf_changed":false,"rank_math_lock_modified_date":false,"footnotes":""},"categories":[17],"tags":[2017,8020],"class_list":{"0":"post-69670","1":"post","2":"type-post","3":"status-publish","4":"format-standard","5":"has-post-thumbnail","7":"category-actualidad","8":"tag-erik-merino","9":"tag-vercoursman"},"acf":[],"_links":{"self":[{"href":"https:\/\/miurltemporal.com/main/triatletasenred.sport.es\/wp-json\/wp\/v2\/posts\/69670"}],"collection":[{"href":"https:\/\/miurltemporal.com/main/triatletasenred.sport.es\/wp-json\/wp\/v2\/posts"}],"about":[{"href":"https:\/\/miurltemporal.com/main/triatletasenred.sport.es\/wp-json\/wp\/v2\/types\/post"}],"author":[{"embeddable":true,"href":"https:\/\/miurltemporal.com/main/triatletasenred.sport.es\/wp-json\/wp\/v2\/users\/309"}],"replies":[{"embeddable":true,"href":"https:\/\/miurltemporal.com/main/triatletasenred.sport.es\/wp-json\/wp\/v2\/comments?post=69670"}],"version-history":[{"count":0,"href":"https:\/\/miurltemporal.com/main/triatletasenred.sport.es\/wp-json\/wp\/v2\/posts\/69670\/revisions"}],"wp:featuredmedia":[{"embeddable":true,"href":"https:\/\/miurltemporal.com/main/triatletasenred.sport.es\/wp-json\/wp\/v2\/media\/69672"}],"wp:attachment":[{"href":"https:\/\/miurltemporal.com/main/triatletasenred.sport.es\/wp-json\/wp\/v2\/media?parent=69670"}],"wp:term":[{"taxonomy":"category","embeddable":true,"href":"https:\/\/miurltemporal.com/main/triatletasenred.sport.es\/wp-json\/wp\/v2\/categories?post=69670"},{"taxonomy":"post_tag","embeddable":true,"href":"https:\/\/miurltemporal.com/main/triatletasenred.sport.es\/wp-json\/wp\/v2\/tags?post=69670"}],"curies":[{"name":"wp","href":"https:\/\/api.w.org\/{rel}","templated":true}]}}