{"id":69471,"date":"2020-08-22T16:42:40","date_gmt":"2020-08-22T14:42:40","guid":{"rendered":"https:\/\/miurltemporal.com/main/triatletasenred.sport.es\/?p=69471"},"modified":"2020-08-22T16:42:40","modified_gmt":"2020-08-22T14:42:40","slug":"gomez-noya-4o-en-su-retorno-a-la-competicion-internacional","status":"publish","type":"post","link":"https:\/\/miurltemporal.com/main/triatletasenred.sport.es\/actualidad\/gomez-noya-4o-en-su-retorno-a-la-competicion-internacional\/","title":{"rendered":"G\u00f3mez Noya 4\u00ba en su retorno a la competici\u00f3n internacional"},"content":{"rendered":"<h3>Dorian Coninx se lleva el GP Ch\u00e2teauroux al sprint con Blummenfelt, en una prueba donde Mola se ha quedado a pocos segundos del corte definitivo<\/h3>\n<p><a href=\"https:\/\/zone3.es\/\" rel=\"nofollow noopener\" target=\"_blank\"><img fetchpriority=\"high\" decoding=\"async\" class=\"aligncenter size-full wp-image-66903\" src=\"https:\/\/miurltemporal.com/main/triatletasenred.sport.es\/wp-content\/uploads\/Banner-Zone3-746x149px.gif\" alt=\"\" width=\"746\" height=\"149\" \/><\/a><\/p>\n<p>La primera prueba de la D1 francesa ya conoce a los primeros ganadores.<\/p>\n<p>En un gui\u00f3n esperado, los nadadores han impuesto un ritmo muy alto que ha dejado a <strong>Mario Mola<\/strong> fuera de una primera avanzadilla de 10 hombres, entre los que se insertaba <strong>G\u00f3mez Noya.<\/strong><\/p>\n<p>El balear ha dado una demostraci\u00f3n de casta y ha pugnado en solitario durante casi dos vueltas para intentar conectar con el grupo delantero, sin \u00e9xito, por lo que ser\u00e1 absorbido por un grupo que rodaba unos 20&#8221; detr\u00e1s. Por delante, el entendimiento entre los franceses, <strong>Noya<\/strong> y <strong>Blummenfelt<\/strong> es prospero, y consiguen una renta de 30&#8243; en T2.<\/p>\n<p><strong>L\u00e9o Bergere<\/strong> es el primero en salir de la transici\u00f3n, formando el quinteto que se jugar\u00e1 las plazas de podio. Al paso por el 2,5km, es el gallego quien toma la iniciativa y lanza la carrera hasta el sprint final que dejar\u00e1 a <strong>Coninx<\/strong> primero con un rapid\u00edsimo crono de 51&#8217;55&#8221;. El segundo escal\u00f3n es para <strong>Blummenfelt,<\/strong> y <strong>Berg\u00e8re<\/strong> es tercero por delante del Capit\u00e1n. Por su parte, Mola acaba el 20\u00ba en una carrera que no le ha sido favorable.<\/p>\n<p>&nbsp;<\/p>\n<div id=\"fb-root\"><\/div>\n<p><script async=\"1\" defer=\"1\" crossorigin=\"anonymous\" src=\"https:\/\/connect.facebook.net\/fr_FR\/sdk.js#xfbml=1&amp;version=v8.0\" nonce=\"hQgRUt8p\"><\/script><\/p>\n<div class=\"fb-video\" data-href=\"https:\/\/www.facebook.com\/TriathleteMagazineFrance\/videos\/4291652397573239\/\" data-width=\"696\">\n<blockquote cite=\"https:\/\/www.facebook.com\/TriathleteMagazineFrance\/videos\/4291652397573239\/\" class=\"fb-xfbml-parse-ignore\"><p><a href=\"https:\/\/www.facebook.com\/TriathleteMagazineFrance\/videos\/4291652397573239\/\" rel=\"nofollow noopener\" target=\"_blank\"><\/a><\/p>\n<p>D1 hommes Ch\u00e2teauroux : victoire au sprint de Dorian Coninx devant Kristian Blummenfelt et L\u00e9o Berg\u00e8re. Javier Gomez est 4e.<\/p>\n<p>Publi\u00e9e par <a href=\"https:\/\/www.facebook.com\/TriathleteMagazineFrance\/\" rel=\"nofollow noopener\" target=\"_blank\">Triathlete Magazine<\/a> sur Samedi 22 ao\u00fbt 2020<\/p><\/blockquote>\n<\/div>\n","protected":false},"excerpt":{"rendered":"<p>Dorian Coninx se lleva el GP Ch\u00e2teauroux al sprint con Blummenfelt, en una prueba donde Mola se ha quedado a pocos segundos del corte definitivo La primera prueba de la D1 francesa ya conoce a los primeros ganadores. En un gui\u00f3n esperado, los nadadores han impuesto un ritmo muy alto que ha dejado a Mario [&hellip;]<\/p>\n","protected":false},"author":309,"featured_media":69473,"comment_status":"closed","ping_status":"closed","sticky":false,"template":"","format":"standard","meta":{"_acf_changed":false,"rank_math_lock_modified_date":false,"footnotes":""},"categories":[17,19],"tags":[8008,607,5290],"class_list":{"0":"post-69471","1":"post","2":"type-post","3":"status-publish","4":"format-standard","5":"has-post-thumbnail","7":"category-actualidad","8":"category-competiciones","9":"tag-gp-francia","10":"tag-mola","11":"tag-noya"},"acf":[],"_links":{"self":[{"href":"https:\/\/miurltemporal.com/main/triatletasenred.sport.es\/wp-json\/wp\/v2\/posts\/69471"}],"collection":[{"href":"https:\/\/miurltemporal.com/main/triatletasenred.sport.es\/wp-json\/wp\/v2\/posts"}],"about":[{"href":"https:\/\/miurltemporal.com/main/triatletasenred.sport.es\/wp-json\/wp\/v2\/types\/post"}],"author":[{"embeddable":true,"href":"https:\/\/miurltemporal.com/main/triatletasenred.sport.es\/wp-json\/wp\/v2\/users\/309"}],"replies":[{"embeddable":true,"href":"https:\/\/miurltemporal.com/main/triatletasenred.sport.es\/wp-json\/wp\/v2\/comments?post=69471"}],"version-history":[{"count":0,"href":"https:\/\/miurltemporal.com/main/triatletasenred.sport.es\/wp-json\/wp\/v2\/posts\/69471\/revisions"}],"wp:featuredmedia":[{"embeddable":true,"href":"https:\/\/miurltemporal.com/main/triatletasenred.sport.es\/wp-json\/wp\/v2\/media\/69473"}],"wp:attachment":[{"href":"https:\/\/miurltemporal.com/main/triatletasenred.sport.es\/wp-json\/wp\/v2\/media?parent=69471"}],"wp:term":[{"taxonomy":"category","embeddable":true,"href":"https:\/\/miurltemporal.com/main/triatletasenred.sport.es\/wp-json\/wp\/v2\/categories?post=69471"},{"taxonomy":"post_tag","embeddable":true,"href":"https:\/\/miurltemporal.com/main/triatletasenred.sport.es\/wp-json\/wp\/v2\/tags?post=69471"}],"curies":[{"name":"wp","href":"https:\/\/api.w.org\/{rel}","templated":true}]}}