{"id":69241,"date":"2020-08-07T07:00:13","date_gmt":"2020-08-07T05:00:13","guid":{"rendered":"https:\/\/miurltemporal.com/main/triatletasenred.sport.es\/?p=69241"},"modified":"2020-08-07T03:15:43","modified_gmt":"2020-08-07T01:15:43","slug":"un-muerto-y-dos-ciclistas-graves-en-un-atropello-en-vilamajor","status":"publish","type":"post","link":"https:\/\/miurltemporal.com/main/triatletasenred.sport.es\/actualidad\/un-muerto-y-dos-ciclistas-graves-en-un-atropello-en-vilamajor\/","title":{"rendered":"Un muerto y dos ciclistas graves en un atropello en Vilamajor"},"content":{"rendered":"<h3>Los hechos han ocurrido la pasada noche en el km 44 de St Antoni de Vilamajor despu\u00e9s de que un coche arrollase un grupo ciclista<\/h3>\n<p><a href=\"https:\/\/zone3.es\/\" rel=\"nofollow noopener\" target=\"_blank\"><img fetchpriority=\"high\" decoding=\"async\" class=\"aligncenter size-full wp-image-66903\" src=\"https:\/\/miurltemporal.com/main/triatletasenred.sport.es\/wp-content\/uploads\/Banner-Zone3-746x149px.gif\" alt=\"\" width=\"746\" height=\"149\" \/><\/a><\/p>\n<p>En otro lamentable episodio en las carreteras, los ciclistas han vuelto a ser las v\u00edctimas de la imprudencia de un conductor.<\/p>\n<p>Un coche que circulaba en la carretera que une Sant Antoni de Vilamajor con C\u00e0noves ha embestido a un grupo de ciclistas que circulaba por la BP-5107.<\/p>\n<p class=\" aBigClassNameToAvoidCollisionInText\">Cuatro ambulancias del SEM (Sistema de Emergencias M\u00e9dicas), tres dotaciones de Bomberos de la Generalitat y varias patrullas de los Mossos han atendido la emergencia, junto con la Polic\u00eda Local de Sant Antoni de Vilamajor.<\/p>\n<hr \/>\n<div id=\"sas_45111\">\n<h3 id=\"sas_container_7299221\">Contexto preocupante<\/h3>\n<p>La triste noticia llega con lastre. Y es que hace tan solo una semana, un ciclista de 50 a\u00f1os perd\u00eda la vida al instante despu\u00e9s de ser atropellado en Granada, en la zona de Alhama, en un tramo de buena visibilidad.<\/p>\n<p>Un suceso similar, aconteci\u00f3 en el Teide, aunque esta vez fue una patrulla de la Policia Nacional, qui\u00e9n invadi\u00f3 el carril contrario en bajada, impactando contra un deportista que sub\u00eda en bici el puerto, caus\u00e1ndole politraumatismos de car\u00e1cter moderado.<\/p>\n<p>Ya en el apartado internacional, el pelot\u00f3n profesional lamentaba la p\u00e9rdida del joven de 17 a\u00f1os Jan Riedmann, qui\u00e9n era atropellado mientras entrenaba en Alemania.<\/p>\n<\/div>\n","protected":false},"excerpt":{"rendered":"<p>Los hechos han ocurrido la pasada noche en el km 44 de St Antoni de Vilamajor despu\u00e9s de que un coche arrollase un grupo ciclista En otro lamentable episodio en las carreteras, los ciclistas han vuelto a ser las v\u00edctimas de la imprudencia de un conductor. Un coche que circulaba en la carretera que une [&hellip;]<\/p>\n","protected":false},"author":309,"featured_media":69243,"comment_status":"closed","ping_status":"closed","sticky":false,"template":"","format":"standard","meta":{"_acf_changed":false,"rank_math_lock_modified_date":false,"footnotes":""},"categories":[17],"tags":[],"class_list":{"0":"post-69241","1":"post","2":"type-post","3":"status-publish","4":"format-standard","5":"has-post-thumbnail","7":"category-actualidad"},"acf":[],"_links":{"self":[{"href":"https:\/\/miurltemporal.com/main/triatletasenred.sport.es\/wp-json\/wp\/v2\/posts\/69241"}],"collection":[{"href":"https:\/\/miurltemporal.com/main/triatletasenred.sport.es\/wp-json\/wp\/v2\/posts"}],"about":[{"href":"https:\/\/miurltemporal.com/main/triatletasenred.sport.es\/wp-json\/wp\/v2\/types\/post"}],"author":[{"embeddable":true,"href":"https:\/\/miurltemporal.com/main/triatletasenred.sport.es\/wp-json\/wp\/v2\/users\/309"}],"replies":[{"embeddable":true,"href":"https:\/\/miurltemporal.com/main/triatletasenred.sport.es\/wp-json\/wp\/v2\/comments?post=69241"}],"version-history":[{"count":0,"href":"https:\/\/miurltemporal.com/main/triatletasenred.sport.es\/wp-json\/wp\/v2\/posts\/69241\/revisions"}],"wp:featuredmedia":[{"embeddable":true,"href":"https:\/\/miurltemporal.com/main/triatletasenred.sport.es\/wp-json\/wp\/v2\/media\/69243"}],"wp:attachment":[{"href":"https:\/\/miurltemporal.com/main/triatletasenred.sport.es\/wp-json\/wp\/v2\/media?parent=69241"}],"wp:term":[{"taxonomy":"category","embeddable":true,"href":"https:\/\/miurltemporal.com/main/triatletasenred.sport.es\/wp-json\/wp\/v2\/categories?post=69241"},{"taxonomy":"post_tag","embeddable":true,"href":"https:\/\/miurltemporal.com/main/triatletasenred.sport.es\/wp-json\/wp\/v2\/tags?post=69241"}],"curies":[{"name":"wp","href":"https:\/\/api.w.org\/{rel}","templated":true}]}}