{"id":69227,"date":"2020-08-06T07:01:52","date_gmt":"2020-08-06T05:01:52","guid":{"rendered":"https:\/\/miurltemporal.com/main/triatletasenred.sport.es\/?p=69227"},"modified":"2020-08-06T05:12:08","modified_gmt":"2020-08-06T03:12:08","slug":"mario-mola-podria-competir-en-3000m-en-calvia-este-sabado","status":"publish","type":"post","link":"https:\/\/miurltemporal.com/main/triatletasenred.sport.es\/actualidad\/mario-mola-podria-competir-en-3000m-en-calvia-este-sabado\/","title":{"rendered":"Mario Mola podr\u00eda competir en 3000m en Calvi\u00e0 este s\u00e1bado"},"content":{"rendered":"<h3>El balear regresar\u00eda a la pista que lo ha visto crecer, en una prueba donde se enfrentar\u00e1 al mediano de los Mechaal y a su hermano Lucas<\/h3>\n<p><\/a><\/p>\n<p>Despu\u00e9s de ser 7\u00ba en el Campeonato de Espa\u00f1a de Campo a Trav\u00e9s de este pasado marzo, el triatleta parece tener decidido cu\u00e1l va a ser la primera toma de contacto con la competici\u00f3n despu\u00e9s del par\u00f3n, y a las pocas horas de saber que el Europeo de Estonia, no se va a celebrar.<\/p>\n<p>La prueba en cuesti\u00f3n, es el Control de Federados y Escolar de verano, en el que se incluyen varias distancias, donde los hermanos <strong>Mola<\/strong> han escogido participar en el 3.000 lisos, una distancia donde ya hemos visto a <strong>Murray, Iden, Blummenfelt<\/strong> y otros triatletas ITU, dando verdaderos espect\u00e1culos con sus marcas finales.<\/p>\n<p>El triple campe\u00f3n del mundo, saldr\u00eda con el segundo mejor tiempo del <em>meeting,\u00a0<\/em>siendo solo superado por el j\u00f3ven <strong>Said Mechaal,\u00a0<\/strong>que se trasladar\u00e1 a competir a la isla ya que la prueba la organiza el club en el que corre Mario.<\/p>\n<p>Recordamos que no es la primera vez que un <strong>Mechaal<\/strong> se enfrenta a un triatleta. El a\u00f1o pasado, fue <strong>Adel<\/strong> qui\u00e9n se enfrent\u00f3 dos veces en el 10.000 contra <strong>Alex Yee,<\/strong> qued\u00e1ndose 1-1 en el c\u00f3mputo final de la batalla. Eso s\u00ed, con un tremendo 27:50 del brit\u00e1nico de por medio.<\/p>\n<p>Veremos si en esta ocasi\u00f3n, la balanza vuelve a inclinarse a favor del trideporte, o si la distancia se le queda corta a <strong>Mario<\/strong> para rendir su m\u00e1ximo potencial.<\/p>\n<p><img fetchpriority=\"high\" decoding=\"async\" class=\"aligncenter wp-image-69230\" src=\"https:\/\/miurltemporal.com/main/triatletasenred.sport.es\/wp-content\/uploads\/mola-atletismo.png\" alt=\"\" width=\"681\" height=\"252\" srcset=\"https:\/\/miurltemporal.com/main/triatletasenred.sport.es\/wp-content\/uploads\/mola-atletismo.png 1388w, https:\/\/miurltemporal.com/main/triatletasenred.sport.es\/wp-content\/uploads\/mola-atletismo-700x259.png 700w, https:\/\/miurltemporal.com/main/triatletasenred.sport.es\/wp-content\/uploads\/mola-atletismo-300x111.png 300w, https:\/\/miurltemporal.com/main/triatletasenred.sport.es\/wp-content\/uploads\/mola-atletismo-768x284.png 768w, https:\/\/miurltemporal.com/main/triatletasenred.sport.es\/wp-content\/uploads\/mola-atletismo-1024x379.png 1024w, https:\/\/miurltemporal.com/main/triatletasenred.sport.es\/wp-content\/uploads\/mola-atletismo-640x237.png 640w\" sizes=\"(max-width: 681px) 100vw, 681px\" \/><\/p>\n<hr \/>\n<h4>Recordamos de lo Mario era capaz en la pista, desde hace m\u00e1s de 10 a\u00f1os, jadeado por Iv\u00e1n Mu\u00f1oz, y con pacer de lujo, Miguel \u00c1ngel Fidalgo.<\/h4>\n<div class=\"youtube-embed\" data-video_id=\"7-7-HoqLWIc\"><iframe title=\"MARIO MOLA 1000 metros en 2:31\" width=\"696\" height=\"522\" src=\"https:\/\/www.youtube.com\/embed\/7-7-HoqLWIc?feature=oembed&#038;enablejsapi=1\" frameborder=\"0\" allow=\"accelerometer; autoplay; clipboard-write; encrypted-media; gyroscope; picture-in-picture; web-share\" allowfullscreen><\/iframe><\/div>\n","protected":false},"excerpt":{"rendered":"<p>El balear regresar\u00eda a la pista que lo ha visto crecer, en una prueba donde se enfrentar\u00e1 al mediano de los Mechaal y a su hermano Lucas Despu\u00e9s de ser 7\u00ba en el Campeonato de Espa\u00f1a de Campo a Trav\u00e9s de este pasado marzo, el triatleta parece tener decidido cu\u00e1l va a ser la primera [&hellip;]<\/p>\n","protected":false},"author":309,"featured_media":69228,"comment_status":"closed","ping_status":"closed","sticky":false,"template":"","format":"standard","meta":{"_acf_changed":false,"rank_math_lock_modified_date":false,"footnotes":""},"categories":[17],"tags":[],"class_list":{"0":"post-69227","1":"post","2":"type-post","3":"status-publish","4":"format-standard","5":"has-post-thumbnail","7":"category-actualidad"},"acf":[],"_links":{"self":[{"href":"https:\/\/miurltemporal.com/main/triatletasenred.sport.es\/wp-json\/wp\/v2\/posts\/69227"}],"collection":[{"href":"https:\/\/miurltemporal.com/main/triatletasenred.sport.es\/wp-json\/wp\/v2\/posts"}],"about":[{"href":"https:\/\/miurltemporal.com/main/triatletasenred.sport.es\/wp-json\/wp\/v2\/types\/post"}],"author":[{"embeddable":true,"href":"https:\/\/miurltemporal.com/main/triatletasenred.sport.es\/wp-json\/wp\/v2\/users\/309"}],"replies":[{"embeddable":true,"href":"https:\/\/miurltemporal.com/main/triatletasenred.sport.es\/wp-json\/wp\/v2\/comments?post=69227"}],"version-history":[{"count":0,"href":"https:\/\/miurltemporal.com/main/triatletasenred.sport.es\/wp-json\/wp\/v2\/posts\/69227\/revisions"}],"wp:featuredmedia":[{"embeddable":true,"href":"https:\/\/miurltemporal.com/main/triatletasenred.sport.es\/wp-json\/wp\/v2\/media\/69228"}],"wp:attachment":[{"href":"https:\/\/miurltemporal.com/main/triatletasenred.sport.es\/wp-json\/wp\/v2\/media?parent=69227"}],"wp:term":[{"taxonomy":"category","embeddable":true,"href":"https:\/\/miurltemporal.com/main/triatletasenred.sport.es\/wp-json\/wp\/v2\/categories?post=69227"},{"taxonomy":"post_tag","embeddable":true,"href":"https:\/\/miurltemporal.com/main/triatletasenred.sport.es\/wp-json\/wp\/v2\/tags?post=69227"}],"curies":[{"name":"wp","href":"https:\/\/api.w.org\/{rel}","templated":true}]}}