{"id":69064,"date":"2020-07-24T15:37:48","date_gmt":"2020-07-24T13:37:48","guid":{"rendered":"https:\/\/miurltemporal.com/main/triatletasenred.sport.es\/?p=69064"},"modified":"2020-07-24T15:37:48","modified_gmt":"2020-07-24T13:37:48","slug":"se-cancela-el-embrunman","status":"publish","type":"post","link":"https:\/\/miurltemporal.com/main/triatletasenred.sport.es\/actualidad\/se-cancela-el-embrunman\/","title":{"rendered":"Se cancela el Embrunman"},"content":{"rendered":"<h3><strong>Martine Clavel,<\/strong>\u00a0prefecto del Departamento de Hautes-Alpes, ha comunicado que el triatl\u00f3n Embrun no se podr\u00eda celebrar a instancias de la Agencia Regional de Salud<a href=\"https:\/\/www.finisher.es\" rel=\"nofollow noopener\" target=\"_blank\"><img fetchpriority=\"high\" decoding=\"async\" class=\"aligncenter size-full wp-image-65225\" src=\"https:\/\/miurltemporal.com/main/triatletasenred.sport.es\/wp-content\/uploads\/banner_finisher_articles.gif\" alt=\"\" width=\"700\" height=\"150\" \/><\/a><\/h3>\n<p>Desde hace unos d\u00edas, un repique de casos de covid en la regi\u00f3n donde deb\u00eda celebrarse la prueba, hab\u00eda puesto en alerta tanto a organizaci\u00f3n como a los entes de seguridad p\u00fablica.<\/p>\n<p>A\u00fan habiendo propuesto multiplicar por dos el n\u00famero de voluntarios y vigilantes, la ARS, \u00f3rgano al cargo de la salud regional, habr\u00eda dado luz roja a la celebraci\u00f3n del que ten\u00eda que ser el primer gran encontronazo para muchos de los mejores triatletas nacionales y del resto del continente.<\/p>\n<p>La decisi\u00f3n ya ha levantado quejas por parte de la organizaci\u00f3n, ya que la misma zona por la que discurre el triatl\u00f3n, ser\u00e1 escenario del Tour de Francia, que al parecer sigue sin sufrir ninguna afectaci\u00f3n.<\/p>\n<p>No en vano, recordamos que Embrun es un triatl\u00f3n que normalmente acog\u00eda a m\u00e1s de 1500 participantes, m\u00e1s los familiares, amigos y p\u00fablico que se acercaban a animar en la m\u00edtica prueba.<\/p>\n","protected":false},"excerpt":{"rendered":"<p>Martine Clavel,\u00a0prefecto del Departamento de Hautes-Alpes, ha comunicado que el triatl\u00f3n Embrun no se podr\u00eda celebrar a instancias de la Agencia Regional de Salud Desde hace unos d\u00edas, un repique de casos de covid en la regi\u00f3n donde deb\u00eda celebrarse la prueba, hab\u00eda puesto en alerta tanto a organizaci\u00f3n como a los entes de seguridad [&hellip;]<\/p>\n","protected":false},"author":309,"featured_media":69065,"comment_status":"closed","ping_status":"closed","sticky":false,"template":"","format":"standard","meta":{"_acf_changed":false,"rank_math_lock_modified_date":false,"footnotes":""},"categories":[17],"tags":[840],"class_list":{"0":"post-69064","1":"post","2":"type-post","3":"status-publish","4":"format-standard","5":"has-post-thumbnail","7":"category-actualidad","8":"tag-embrunman"},"acf":[],"_links":{"self":[{"href":"https:\/\/miurltemporal.com/main/triatletasenred.sport.es\/wp-json\/wp\/v2\/posts\/69064"}],"collection":[{"href":"https:\/\/miurltemporal.com/main/triatletasenred.sport.es\/wp-json\/wp\/v2\/posts"}],"about":[{"href":"https:\/\/miurltemporal.com/main/triatletasenred.sport.es\/wp-json\/wp\/v2\/types\/post"}],"author":[{"embeddable":true,"href":"https:\/\/miurltemporal.com/main/triatletasenred.sport.es\/wp-json\/wp\/v2\/users\/309"}],"replies":[{"embeddable":true,"href":"https:\/\/miurltemporal.com/main/triatletasenred.sport.es\/wp-json\/wp\/v2\/comments?post=69064"}],"version-history":[{"count":0,"href":"https:\/\/miurltemporal.com/main/triatletasenred.sport.es\/wp-json\/wp\/v2\/posts\/69064\/revisions"}],"wp:featuredmedia":[{"embeddable":true,"href":"https:\/\/miurltemporal.com/main/triatletasenred.sport.es\/wp-json\/wp\/v2\/media\/69065"}],"wp:attachment":[{"href":"https:\/\/miurltemporal.com/main/triatletasenred.sport.es\/wp-json\/wp\/v2\/media?parent=69064"}],"wp:term":[{"taxonomy":"category","embeddable":true,"href":"https:\/\/miurltemporal.com/main/triatletasenred.sport.es\/wp-json\/wp\/v2\/categories?post=69064"},{"taxonomy":"post_tag","embeddable":true,"href":"https:\/\/miurltemporal.com/main/triatletasenred.sport.es\/wp-json\/wp\/v2\/tags?post=69064"}],"curies":[{"name":"wp","href":"https:\/\/api.w.org\/{rel}","templated":true}]}}