{"id":69043,"date":"2020-07-23T07:00:46","date_gmt":"2020-07-23T05:00:46","guid":{"rendered":"https:\/\/miurltemporal.com/main/triatletasenred.sport.es\/?p=69043"},"modified":"2020-07-23T01:34:36","modified_gmt":"2020-07-22T23:34:36","slug":"el-ineos-cambia-su-nombre-por-el-de-un-4x4-de-lujo","status":"publish","type":"post","link":"https:\/\/miurltemporal.com/main/triatletasenred.sport.es\/actualidad\/el-ineos-cambia-su-nombre-por-el-de-un-4x4-de-lujo\/","title":{"rendered":"El INEOS cambia su nombre por el de un 4&#215;4 de lujo"},"content":{"rendered":"<h3>La petroqu\u00edmica INEOS utilizar\u00e1 la plataforma del Tour para promocionar su nuevo todoterreno que costar\u00e1 alrededor de los 60.000\u20ac y saldr\u00e1 a la venta en 2021<\/h3>\n<p><img fetchpriority=\"high\" decoding=\"async\" class=\"aligncenter size-full wp-image-61181\" src=\"https:\/\/miurltemporal.com/main/triatletasenred.sport.es\/wp-content\/uploads\/Banner_Canyon_Speedmax_ES_1000x160px.gif\" alt=\"\" width=\"1000\" height=\"160\" \/><\/p>\n<p>Nada supera al Tour de Francia en cuanto a la ingente cantidad de dinero e intereses que llega a mover.<\/p>\n<p>La Grand Boucle es, cada a\u00f1o, el escaparate de todos los patrocinadores de los equipos ProTour para mostrar ante millones de personas, novedades y dem\u00e1s sorpresas que muchas veces van mucho m\u00e1s all\u00e1 del mundo del ciclismo.<\/p>\n<p>En este caso, el CEO de INEOS, <strong>Jim Ratcliffe,<\/strong> ha aprovechado para cambiar el nombre y la equipaci\u00f3n del equipo a partir del pr\u00f3ximo Tour, y sin aclarar si va a dejar el nombre en <strong>INEOS Grenadier<\/strong> o volver\u00e1 al <strong>&#8216;Team INEOS&#8217;\u00a0<\/strong>que desde 2019 sustituy\u00f3 al &#8216;mega-laureado&#8217; Team Sky.<\/p>\n<p><img decoding=\"async\" class=\"aligncenter\" src=\"https:\/\/www.leadersinsport.com\/wp-content\/uploads\/2019\/08\/team-ineos-logo.png\" alt=\"www.leadersinsport.com\/wp-content\/uploads\/2019\/...\" width=\"549\" height=\"288\" \/><\/p>\n<p>Sin embargo, no es la primera vez que la escuadra inglesa utliza el Tour para mutar sus colores de manera moment\u00e1nea.<\/p>\n<p>Sin ir m\u00e1s lejos, en 2017, el equipo Sky cambi\u00f3 su popular azul oscuro, por un blanco en favor de una campa\u00f1a por la concienciaci\u00f3n sobre la cantidad de pl\u00e1stico que se &#8216;traga&#8217; el oce\u00e1no.<\/p>\n<p>Para el at\u00edpico Tour de 2020, el cambio ser\u00eda del rojo burdeos a un azul marino parecido al del Sky, y muy parecido a la equipaci\u00f3n del Team Alpecin-Fenix, donde corre <strong>Mathieu van der Poel.<\/strong><\/p>\n<hr \/>\n<div class=\"youtube-embed\" data-video_id=\"h69kqJID_JI\"><iframe title=\"El tritraje m\u00e1s r\u00e1pido de la historia. Zone3 Aeroforce X\" width=\"696\" height=\"392\" src=\"https:\/\/www.youtube.com\/embed\/h69kqJID_JI?start=9&#038;feature=oembed\" frameborder=\"0\" allow=\"accelerometer; autoplay; clipboard-write; encrypted-media; gyroscope; picture-in-picture; web-share\" allowfullscreen><\/iframe><\/div>\n","protected":false},"excerpt":{"rendered":"<p>La petroqu\u00edmica INEOS utilizar\u00e1 la plataforma del Tour para promocionar su nuevo todoterreno que costar\u00e1 alrededor de los 60.000\u20ac y saldr\u00e1 a la venta en 2021 Nada supera al Tour de Francia en cuanto a la ingente cantidad de dinero e intereses que llega a mover. La Grand Boucle es, cada a\u00f1o, el escaparate de [&hellip;]<\/p>\n","protected":false},"author":309,"featured_media":69047,"comment_status":"closed","ping_status":"closed","sticky":false,"template":"","format":"standard","meta":{"_acf_changed":false,"rank_math_lock_modified_date":false,"footnotes":""},"categories":[17],"tags":[6710],"class_list":{"0":"post-69043","1":"post","2":"type-post","3":"status-publish","4":"format-standard","5":"has-post-thumbnail","7":"category-actualidad","8":"tag-ineos"},"acf":[],"_links":{"self":[{"href":"https:\/\/miurltemporal.com/main/triatletasenred.sport.es\/wp-json\/wp\/v2\/posts\/69043"}],"collection":[{"href":"https:\/\/miurltemporal.com/main/triatletasenred.sport.es\/wp-json\/wp\/v2\/posts"}],"about":[{"href":"https:\/\/miurltemporal.com/main/triatletasenred.sport.es\/wp-json\/wp\/v2\/types\/post"}],"author":[{"embeddable":true,"href":"https:\/\/miurltemporal.com/main/triatletasenred.sport.es\/wp-json\/wp\/v2\/users\/309"}],"replies":[{"embeddable":true,"href":"https:\/\/miurltemporal.com/main/triatletasenred.sport.es\/wp-json\/wp\/v2\/comments?post=69043"}],"version-history":[{"count":0,"href":"https:\/\/miurltemporal.com/main/triatletasenred.sport.es\/wp-json\/wp\/v2\/posts\/69043\/revisions"}],"wp:featuredmedia":[{"embeddable":true,"href":"https:\/\/miurltemporal.com/main/triatletasenred.sport.es\/wp-json\/wp\/v2\/media\/69047"}],"wp:attachment":[{"href":"https:\/\/miurltemporal.com/main/triatletasenred.sport.es\/wp-json\/wp\/v2\/media?parent=69043"}],"wp:term":[{"taxonomy":"category","embeddable":true,"href":"https:\/\/miurltemporal.com/main/triatletasenred.sport.es\/wp-json\/wp\/v2\/categories?post=69043"},{"taxonomy":"post_tag","embeddable":true,"href":"https:\/\/miurltemporal.com/main/triatletasenred.sport.es\/wp-json\/wp\/v2\/tags?post=69043"}],"curies":[{"name":"wp","href":"https:\/\/api.w.org\/{rel}","templated":true}]}}