{"id":69040,"date":"2020-07-22T15:56:29","date_gmt":"2020-07-22T13:56:29","guid":{"rendered":"https:\/\/miurltemporal.com/main/triatletasenred.sport.es\/?p=69040"},"modified":"2020-07-22T15:56:29","modified_gmt":"2020-07-22T13:56:29","slug":"jose-hidalgo-ahora-mas-que-nunca-es-necesario-apostar-por-el-deporte","status":"publish","type":"post","link":"https:\/\/miurltemporal.com/main/triatletasenred.sport.es\/actualidad\/jose-hidalgo-ahora-mas-que-nunca-es-necesario-apostar-por-el-deporte\/","title":{"rendered":"Jos\u00e9 Hidalgo &#8221;Ahora m\u00e1s que nunca, es necesario apostar por el deporte&#8221;"},"content":{"rendered":"<h3>El presidente de la FETRI, ha emitido un comunicado en defensa del deporte como motor social y humano, que no debe de ser coartado bajo ning\u00fan concepto dada la crisi sanitaria actual, validando la actuaci\u00f3n de la Federaci\u00f3n ante todos los recientes acontecimientos y el futuro que viene<\/h3>\n<p><a href=\"https:\/\/nutrisport.es\/\" rel=\"nofollow noopener\" target=\"_blank\"><img fetchpriority=\"high\" decoding=\"async\" class=\"aligncenter size-full wp-image-57465\" src=\"https:\/\/miurltemporal.com/main/triatletasenred.sport.es\/wp-content\/uploads\/BannerTriatl\u00f3n-750x100.jpg\" alt=\"\" width=\"750\" height=\"100\" srcset=\"https:\/\/miurltemporal.com/main/triatletasenred.sport.es\/wp-content\/uploads\/BannerTriatl\u00f3n-750x100.jpg 750w, https:\/\/miurltemporal.com/main/triatletasenred.sport.es\/wp-content\/uploads\/BannerTriatl\u00f3n-750x100-700x93.jpg 700w, https:\/\/miurltemporal.com/main/triatletasenred.sport.es\/wp-content\/uploads\/BannerTriatl\u00f3n-750x100-300x40.jpg 300w\" sizes=\"(max-width: 750px) 100vw, 750px\" \/><\/a><\/p>\n<p>Desafortunadamente (tal y como se anunci\u00f3 ayer a trav\u00e9s de un comunicado que pod\u00e9is leer en la web de la Federaci\u00f3n Espa\u00f1ola de Triatl\u00f3n) en contra de lo que hubiera sido nuestro deseo, nos hemos visto forzados a suspender los Campeonatos de Duatl\u00f3n y Triatl\u00f3n Cros que se iba a celebrar este fin de semana en Almaz\u00e1n. A pesar de disponer de un plan de seguridad y protocolo sanitario que ofrec\u00eda m\u00e1s de lo que se ped\u00eda, tras la \u00faltima reuni\u00f3n con las autoridades locales, auton\u00f3micas y provinciales, \u00e9stas optaron por el camino m\u00e1s f\u00e1cil y menos complicado, pero tambi\u00e9n el peor para el deporte: parar las competiciones. Los argumentos esgrimidos para detener el deporte fueron tan poco concreto que podr\u00edan ser utilizados para cancelar cualquier otro tipo de actividad social.<\/p>\n<p>En lo que se refiere a la organizaci\u00f3n de competiciones, antes de la pandemia ten\u00edamos un protocolo (y solo uno), y ahora, cuando m\u00e1s falta hace la uni\u00f3n para salir adelante, nos encontramos con 19 protocolos distintos, a los que hay que sumar distinta legislaci\u00f3n local y provincial, con diferentes interpretaciones para un mismo deporte. Parece claro que as\u00ed es muy complicado poder trabajar con profesionalidad y seguridad: debemos ser capaces de poner orden, sentido com\u00fan y unificar una normativa que nos permita poner en marcha el deporte con la mismas garant\u00edas para todos en todo el territorio nacional.<\/p>\n<p>Pensar que el deporte es \u00absimplemente\u00bb una actividad f\u00edsica es no ser capaz de ver el beneficio que puede generar, que va m\u00e1s all\u00e1 de una cuesti\u00f3n de salud f\u00edsica y mental, y es, sobre todo, un enorme motor econ\u00f3mico, de salud y de cohesi\u00f3n social.<\/p>\n<p>Renunciar a la organizaci\u00f3n de pruebas deportivas, cuanto \u00e9stas cumplen de forma escrupulosa con los protocolos sanitarios, supone renunciar tambi\u00e9n a una importante inyecci\u00f3n econ\u00f3mica para la ciudad en la que se desarrolla la prueba: hoteles, hosteler\u00eda, turismo, consumo\u2026 todo esto es lo que trae consigo un Campeonato de Espa\u00f1a. Si lo que realmente queremos es salir adelante y recuperarnos cuanto antes de la crisis que nos ha asolado, desde\u00f1ar herramientas tan potentes como el deporte no es una apuesta por la superaci\u00f3n, sino por el inmovilismo, y una forma equivocada de \u00abproteccionismo\u00bb.<\/p>\n<p>Si algo tiene un deportista, es disciplina, saber seguir normas, un comportamiento ejemplar y gente muy comprometida socialmente; olvidar estos valores e intentar meternos en el mismo saco de comportamientos insolidarios que hemos visto estos d\u00edas en torno a fiestas populares u ocio nocturno es no conocer lo que es el deporte, ni conocer a quienes lo practica, a los deportistas.<\/p>\n<p>El deporte (seg\u00fan un reciente estudio realizado por Deloitte a instancia de ADESP) mueve un volumen de 12.000 millones de euros al a\u00f1o y ya en este momento ha perdido 4.600 millones (eliminando los ingresos derivados del f\u00fatbol profesional). Este 2020 se prev\u00e9 que las perdidas generales asciendan a m\u00e1s de un 38%, mientras que los ingresos de deportistas caer\u00e1n un 31% (aqu\u00ed es importante recordar que la mayor\u00eda de deportistas se alejan de las cifras millonarias que se oyen a menudo en relaci\u00f3n a unos pocos nombres o a alg\u00fan deporte determinado). Estas \u00abp\u00e9rdidas\u00bb no son solo n\u00fameros, no son solo cifras: hablamos de personas, de deportistas que se est\u00e1n replanteando dejar la actividad que aman, ante la imposibilidad de seguir viviendo de su trabajo; entrenadores y monitores que no van a poder seguir trabajando en la formaci\u00f3n de nuevos deportistas; clubes que no van a poder mantener sus plantillas y estructuras, ni prestar servicios a sus deportistas; de Federaciones deportivas auton\u00f3micas que van a entrar en quiebra al perder deportistas que se federen debido a la reducci\u00f3n dr\u00e1stica de competiciones\u2026 Todo este importante ecosistema sobre el que se sustenta la base del deporte espa\u00f1ol esta ahora en peligro, y va camino de la quiebra econ\u00f3mica y, por tanto, hacia su desaparici\u00f3n, si no se comprende definitivamente que el deporte es tambi\u00e9n una estructura econ\u00f3mica que da trabajo a muchas familias.<\/p>\n<p>Nos han dicho que, en esta ocasi\u00f3n, no es posible llevar a cabo los Campeonatos de Espa\u00f1a de Duatl\u00f3n y Triatl\u00f3n Cros. Lo f\u00e1cil ser\u00eda no complicarnos y esperar a que todo esto pasase, quedarnos cruzados de brazos el tiempo que hiciera falta, pero lo que no tienen ni el Triatl\u00f3n espa\u00f1ol, ni el deporte nacional, es tiempo. Tiene que ser aqu\u00ed y ahora cuando arranque el deporte, porque esperar es lo mismo que sentenciarlo a una agon\u00eda innecesaria. Y a una propuesta de acci\u00f3n nos dicen \u00abno\u00bb, presentaremos otra, y otra, y las que hagan falta para que nos den el \u00abs\u00ed\u00bb que tanto necesita el deporte.<\/p>\n<p>El deporte tiene que poder arrancar como lo han hecho otros sectores en nuestro pa\u00eds, sabiendo que tendremos que hacerlo de otra manera, en una nueva normalidad, con mas seguridad y distintas formas de trabajar; pero no podemos aceptar que la alternativa sea la NADA y debemos seguir peleando para que el deporte se reconozca como una eficaz herramienta de reconstrucci\u00f3n, tan necesaria en estos tiempos. POR TODO ESTO VAMOS A SEGUIR PERSISTIENDO Y REIVINDICANDO AL TRIATL\u00d3N.<\/p>\n","protected":false},"excerpt":{"rendered":"<p>El presidente de la FETRI, ha emitido un comunicado en defensa del deporte como motor social y humano, que no debe de ser coartado bajo ning\u00fan concepto dada la crisi sanitaria actual, validando la actuaci\u00f3n de la Federaci\u00f3n ante todos los recientes acontecimientos y el futuro que viene Desafortunadamente (tal y como se anunci\u00f3 ayer [&hellip;]<\/p>\n","protected":false},"author":309,"featured_media":69041,"comment_status":"closed","ping_status":"closed","sticky":false,"template":"","format":"standard","meta":{"_acf_changed":false,"rank_math_lock_modified_date":false,"footnotes":""},"categories":[17],"tags":[],"class_list":{"0":"post-69040","1":"post","2":"type-post","3":"status-publish","4":"format-standard","5":"has-post-thumbnail","7":"category-actualidad"},"acf":[],"_links":{"self":[{"href":"https:\/\/miurltemporal.com/main/triatletasenred.sport.es\/wp-json\/wp\/v2\/posts\/69040"}],"collection":[{"href":"https:\/\/miurltemporal.com/main/triatletasenred.sport.es\/wp-json\/wp\/v2\/posts"}],"about":[{"href":"https:\/\/miurltemporal.com/main/triatletasenred.sport.es\/wp-json\/wp\/v2\/types\/post"}],"author":[{"embeddable":true,"href":"https:\/\/miurltemporal.com/main/triatletasenred.sport.es\/wp-json\/wp\/v2\/users\/309"}],"replies":[{"embeddable":true,"href":"https:\/\/miurltemporal.com/main/triatletasenred.sport.es\/wp-json\/wp\/v2\/comments?post=69040"}],"version-history":[{"count":0,"href":"https:\/\/miurltemporal.com/main/triatletasenred.sport.es\/wp-json\/wp\/v2\/posts\/69040\/revisions"}],"wp:featuredmedia":[{"embeddable":true,"href":"https:\/\/miurltemporal.com/main/triatletasenred.sport.es\/wp-json\/wp\/v2\/media\/69041"}],"wp:attachment":[{"href":"https:\/\/miurltemporal.com/main/triatletasenred.sport.es\/wp-json\/wp\/v2\/media?parent=69040"}],"wp:term":[{"taxonomy":"category","embeddable":true,"href":"https:\/\/miurltemporal.com/main/triatletasenred.sport.es\/wp-json\/wp\/v2\/categories?post=69040"},{"taxonomy":"post_tag","embeddable":true,"href":"https:\/\/miurltemporal.com/main/triatletasenred.sport.es\/wp-json\/wp\/v2\/tags?post=69040"}],"curies":[{"name":"wp","href":"https:\/\/api.w.org\/{rel}","templated":true}]}}