{"id":68988,"date":"2020-07-20T06:59:41","date_gmt":"2020-07-20T04:59:41","guid":{"rendered":"https:\/\/miurltemporal.com/main/triatletasenred.sport.es\/?p=68988"},"modified":"2020-07-20T05:41:48","modified_gmt":"2020-07-20T03:41:48","slug":"se-rumorea-un-posible-carnet-ciclista-aunque-la-dgt-lo-desmienta","status":"publish","type":"post","link":"https:\/\/miurltemporal.com/main/triatletasenred.sport.es\/actualidad\/se-rumorea-un-posible-carnet-ciclista-aunque-la-dgt-lo-desmienta\/","title":{"rendered":"Se rumorea un posible &#8216;carnet ciclista&#8217; aunque la DGT lo desmienta"},"content":{"rendered":"<h3>La Direcci\u00f3n General de Tr\u00e1fico, ha afirmado que tras su foro de consulta con las entidades de la bicicleta, se ha descartado totalmente la idea de imponer un carnet o permiso de circulaci\u00f3n para los ciclistas<\/h3>\n<p><a href=\"https:\/\/www.canyon.com\/es\/triathlon\/?utm_campaign=Speedmax-ES-Mar-2019&amp;utm_medium=display&amp;utm_source=triatletasenred\" rel=\"nofollow noopener\" target=\"_blank\"><img fetchpriority=\"high\" decoding=\"async\" class=\"aligncenter size-full wp-image-61181\" src=\"https:\/\/miurltemporal.com/main/triatletasenred.sport.es\/wp-content\/uploads\/Banner_Canyon_Speedmax_ES_1000x160px.gif\" alt=\"\" width=\"1000\" height=\"160\" \/><\/a><\/p>\n<p>En los \u00faltimos d\u00edas, la DGT se ha reunido junto a os agentes sociales, asociaciones\u00a0 e instituciones ligadas al mundo de la bicicleta para conocer de primera mano las necesidades del sector, en el &#8221;Encuentro sobre la bicicleta&#8221; del pasado s\u00e1bado.<\/p>\n<p>El objetivo de dicho foro, es promover el uso de la bicicleta y mejorar las condiciones del uso de esta. En este marco, eran varias las fuentes -incluso presentes en el coloquio- que apuntaban que el \u00f3rgano de Tr\u00e1fico podr\u00eda implementar dicho sistema identificativo a todos los usuarios del pedal.<\/p>\n<p>En el caso hipot\u00e9tico, que en un futuro se implantara dicha normativa de identificaci\u00f3n, los ciclistas nos ver\u00edamos obligados a pagar un impuesto de circulaci\u00f3n, adem\u00e1s de tener la posibilidad de recibir multas por la matriculaci\u00f3n que se deriva de dicha norma.<\/p>\n<p>A todo ello, la DGT se ha opuesto con creces, y ha se\u00f1alado que el acuerdo entre todo el colectivo es total para llegar a un acuerdo com\u00fan para satisfacer las necesidades de todo el sector, en un pacto que nacer\u00e1 de las condiciones que citaremos a continuaci\u00f3n.<\/p>\n<hr \/>\n<h3>Las conclusiones de la DGT<\/h3>\n<p>1.\u00a0\u00a0\u00a0\u00a0\u00a0 Elaboraci\u00f3n de un Plan estrat\u00e9gico de la bicicleta, din\u00e1mico\u00a0 y realista, que ponga en valor y potencie su uso como medio de transporte y marque directrices e indicadores para su evaluaci\u00f3n y seguimiento. Estos indicadores se centrar\u00e1n en aspectos como: costes energ\u00e9ticos, movilidad, salud, empleo, seguridad vial, infraestructuras\u2026, siempre en conexi\u00f3n con los municipios, las empresas del sector de la bicicleta, las universidades y dem\u00e1s entidades afectadas.<\/p>\n<p>2.\u00a0\u00a0\u00a0\u00a0\u00a0 Para su elaboraci\u00f3n se contar\u00e1 con la participaci\u00f3n de las diferentes administraciones (central, auton\u00f3mica y local), as\u00ed como asociaciones y otras entidades de ciclistas y de cuantas materias est\u00e9n vinculadas al uso de la bicicleta y su movilidad sostenible y segura.<\/p>\n<p>3.\u00a0\u00a0\u00a0\u00a0\u00a0 El Plan sobre la bicicleta contendr\u00e1 las directrices b\u00e1sicas para su posterior adaptaci\u00f3n a los diferentes \u00e1mbitos de aplicaci\u00f3n.<\/p>\n<p>4.\u00a0\u00a0\u00a0\u00a0\u00a0 Para el desarrollo del Plan, se plantea la conveniencia de encomendar la tarea al Grupo de Trabajo 44 sobre ciclistas, constituido en el seno del Consejo Superior de Tr\u00e1fico y Seguridad Vial y Movilidad Sostenible de la DGT, al que se podr\u00e1n incorporar nuevos participantes a fin de contemplar los diferentes aspectos expuestos en esta sesi\u00f3n de trabajo.<\/p>\n<p>5.\u00a0\u00a0\u00a0\u00a0\u00a0 Para garantizar una movilidad segura y sostenible es preciso que se establezcan los contenidos m\u00ednimos formativos, no solo para los conductores de bicicleta, sino para todos\u00a0 los usuarios de la v\u00eda p\u00fablica. Estos contenidos giraran en torno a los siguientes ejes:<\/p>\n<p>a.\u00a0\u00a0\u00a0\u00a0\u00a0 Cambio de paradigma: de la motorizaci\u00f3n a la movilidad segura, sostenible y saludable.<\/p>\n<p>b.\u00a0\u00a0\u00a0\u00a0\u00a0 Los valores sociales aplicados a la movilidad y la convivencia ciudadana entre todos los usuarios de las v\u00edas.<\/p>\n<p>c.\u00a0\u00a0\u00a0\u00a0\u00a0 Los colectivos vulnerables, tanto en movilidad como en riesgo social, se incorporar\u00e1n de forma transversal.<\/p>\n<p>Estos contenidos se transmitir\u00e1n a trav\u00e9s de todos los agentes sociales representados e implicados en la materia.<\/p>\n<p>6.\u00a0\u00a0\u00a0\u00a0\u00a0 La formaci\u00f3n se plantea como voluntaria, fomentada por pol\u00edticas de incentivos y bonificaciones, y respaldada por la red de colaboradores con capacidad de difusi\u00f3n.<\/p>\n<p>7.\u00a0\u00a0\u00a0\u00a0\u00a0 La formaci\u00f3n no se circunscribe al \u00e1mbito formal como pueda ser el educativo, sino que tambi\u00e9n habr\u00e1 de fomentarse en contextos no formales como las empresas, las asociaciones, la administraci\u00f3n local, etc.<\/p>\n<p>8.\u00a0\u00a0\u00a0\u00a0\u00a0 Es importante destacar que los agentes implicados para impartir esta formaci\u00f3n habr\u00e1n de tener experiencia en el uso y manejo de la bicicleta en los diferentes entornos.<\/p>\n<p>9.\u00a0\u00a0\u00a0\u00a0\u00a0 Para la movilidad segura de los ciclistas se identificar\u00e1n las posibles soluciones, cuya aplicabilidad vendr\u00e1 condicionada a las caracter\u00edsticas de la infraestructura, pero velar\u00e1n en todo caso por la convivencia pac\u00edfica.<\/p>\n<p>10.\u00a0\u00a0\u00a0 Valorar la inclusi\u00f3n en los seguros personales o de hogar de una cobertura a los ciclistas, en caso de robo o accidente.<\/p>\n<hr \/>\n<div class=\"youtube-embed\" data-video_id=\"7tJJ740wpIU\"><iframe title=\"Rodillo inteligente WAHOO KICKR CORE, unboxing y montaje EN ESPA\u00d1OL\" width=\"696\" height=\"392\" src=\"https:\/\/www.youtube.com\/embed\/7tJJ740wpIU?feature=oembed&#038;enablejsapi=1\" frameborder=\"0\" allow=\"accelerometer; autoplay; clipboard-write; encrypted-media; gyroscope; picture-in-picture; web-share\" allowfullscreen><\/iframe><\/div>\n","protected":false},"excerpt":{"rendered":"<p>La Direcci\u00f3n General de Tr\u00e1fico, ha afirmado que tras su foro de consulta con las entidades de la bicicleta, se ha descartado totalmente la idea de imponer un carnet o permiso de circulaci\u00f3n para los ciclistas En los \u00faltimos d\u00edas, la DGT se ha reunido junto a os agentes sociales, asociaciones\u00a0 e instituciones ligadas al [&hellip;]<\/p>\n","protected":false},"author":309,"featured_media":68990,"comment_status":"closed","ping_status":"closed","sticky":false,"template":"","format":"standard","meta":{"_acf_changed":false,"rank_math_lock_modified_date":false,"footnotes":""},"categories":[17],"tags":[7965],"class_list":{"0":"post-68988","1":"post","2":"type-post","3":"status-publish","4":"format-standard","5":"has-post-thumbnail","7":"category-actualidad","8":"tag-carnet-ciclista-dgt"},"acf":[],"_links":{"self":[{"href":"https:\/\/miurltemporal.com/main/triatletasenred.sport.es\/wp-json\/wp\/v2\/posts\/68988"}],"collection":[{"href":"https:\/\/miurltemporal.com/main/triatletasenred.sport.es\/wp-json\/wp\/v2\/posts"}],"about":[{"href":"https:\/\/miurltemporal.com/main/triatletasenred.sport.es\/wp-json\/wp\/v2\/types\/post"}],"author":[{"embeddable":true,"href":"https:\/\/miurltemporal.com/main/triatletasenred.sport.es\/wp-json\/wp\/v2\/users\/309"}],"replies":[{"embeddable":true,"href":"https:\/\/miurltemporal.com/main/triatletasenred.sport.es\/wp-json\/wp\/v2\/comments?post=68988"}],"version-history":[{"count":0,"href":"https:\/\/miurltemporal.com/main/triatletasenred.sport.es\/wp-json\/wp\/v2\/posts\/68988\/revisions"}],"wp:featuredmedia":[{"embeddable":true,"href":"https:\/\/miurltemporal.com/main/triatletasenred.sport.es\/wp-json\/wp\/v2\/media\/68990"}],"wp:attachment":[{"href":"https:\/\/miurltemporal.com/main/triatletasenred.sport.es\/wp-json\/wp\/v2\/media?parent=68988"}],"wp:term":[{"taxonomy":"category","embeddable":true,"href":"https:\/\/miurltemporal.com/main/triatletasenred.sport.es\/wp-json\/wp\/v2\/categories?post=68988"},{"taxonomy":"post_tag","embeddable":true,"href":"https:\/\/miurltemporal.com/main/triatletasenred.sport.es\/wp-json\/wp\/v2\/tags?post=68988"}],"curies":[{"name":"wp","href":"https:\/\/api.w.org\/{rel}","templated":true}]}}