{"id":68740,"date":"2020-06-29T15:56:36","date_gmt":"2020-06-29T13:56:36","guid":{"rendered":"https:\/\/miurltemporal.com/main/triatletasenred.sport.es\/?p=68740"},"modified":"2020-06-29T16:23:56","modified_gmt":"2020-06-29T14:23:56","slug":"ironman-vitoria-gasteiz-2020","status":"publish","type":"post","link":"https:\/\/miurltemporal.com/main/triatletasenred.sport.es\/actualidad\/ironman-vitoria-gasteiz-2020\/","title":{"rendered":"Ironman Vitoria Gasteiz se aferra al 2020"},"content":{"rendered":"<h3 style=\"text-align: justify;\">En un comunicado oficial la empresa Ironman ha anunciado la nueva fecha para la disputa de la prueba de larga distancia en territorio vasco en una decisi\u00f3n no exenta de pol\u00e9mica.<\/h3>\n<p style=\"text-align: justify;\"><a href=\"https:\/\/zone3.es\/\" rel=\"nofollow noopener\" target=\"_blank\"><img fetchpriority=\"high\" decoding=\"async\" class=\"aligncenter size-full wp-image-66903\" src=\"https:\/\/miurltemporal.com/main/triatletasenred.sport.es\/wp-content\/uploads\/Banner-Zone3-746x149px.gif\" alt=\"\" width=\"746\" height=\"149\" \/><\/a><\/p>\n<p style=\"text-align: justify;\">Tras la pol\u00e9mica generada tras el \u00faltimo comunicado de la empresa organizadora en el que no daba respuesta a los participantes inscritos en el evento, parece ser que el 11 de octubre de 2020 es la fecha designada para la celebraci\u00f3n del Ironman Vitoria que deb\u00eda celebrarse este pr\u00f3ximo 21 de julio de 2020.<\/p>\n<p style=\"text-align: justify;\">Como siempre las opciones para los inscritos pasan por traspasar su inscripci\u00f3n a otros eventos que tradicionalmente no llenan plazas (Tallin o Cascais) o bien pasarlo a 2021 renunciando autom\u00e1ticamente a cualquier transferencia entre eventos y a cualquier tipo de devoluci\u00f3n.<\/p>\n<p style=\"text-align: justify;\">La designaci\u00f3n de la nueva fecha ha sido puesta en entredicho por una parte de los inscritos que han manifestado sus dudas respecto a la temperatura del agua en el pantano de Landa<\/p>\n<p>Confiemos que este mes de octubre el clima sea generoso con la empresa y especialmente con los inscritos que decidan mantenter su dorsal para 2020.<\/p>\n<p style=\"text-align: justify;\">Este es el comunicado emitido por la empresa Ironman<\/p>\n<p style=\"text-align: justify;\"><em>&#8220;Nuestro mayor compromiso es la seguridad y el bienestar de toda nuestra comunidad y siguiendo las directrices del Gobierno de Espa\u00f1a en relaci\u00f3n con la pandemia del COVID-19, el <strong>IRONMAN Vitoria-Gasteiz<\/strong>, previsto para el <strong>12 de julio de 2020<\/strong>, se llevar\u00e1 a cabo el <strong>11 de octubre de 2020<\/strong>.<\/em><\/p>\n<p><em>Los atletas registrados han recibido un correo electr\u00f3nico con m\u00e1s detalles. Queremos agradecer, de nuevo, vuestra comprensi\u00f3n y esperamos poder ofrecer una gran carrera este a\u00f1o.&#8221;<\/em><\/p>\n<p>[embedyt] https:\/\/www.youtube.com\/watch?v=TLABM0JXP4A[\/embedyt]<\/p>\n<p style=\"text-align: justify;\">\n","protected":false},"excerpt":{"rendered":"<p>En un comunicado oficial la empresa Ironman ha anunciado la nueva fecha para la disputa de la prueba de larga distancia en territorio vasco en una decisi\u00f3n no exenta de pol\u00e9mica. Tras la pol\u00e9mica generada tras el \u00faltimo comunicado de la empresa organizadora en el que no daba respuesta a los participantes inscritos en el [&hellip;]<\/p>\n","protected":false},"author":6,"featured_media":64788,"comment_status":"closed","ping_status":"closed","sticky":false,"template":"","format":"standard","meta":{"_acf_changed":false,"rank_math_lock_modified_date":false,"footnotes":""},"categories":[17],"tags":[7943],"class_list":{"0":"post-68740","1":"post","2":"type-post","3":"status-publish","4":"format-standard","5":"has-post-thumbnail","7":"category-actualidad","8":"tag-fecha-ironman-vitoria-2020"},"acf":[],"_links":{"self":[{"href":"https:\/\/miurltemporal.com/main/triatletasenred.sport.es\/wp-json\/wp\/v2\/posts\/68740"}],"collection":[{"href":"https:\/\/miurltemporal.com/main/triatletasenred.sport.es\/wp-json\/wp\/v2\/posts"}],"about":[{"href":"https:\/\/miurltemporal.com/main/triatletasenred.sport.es\/wp-json\/wp\/v2\/types\/post"}],"author":[{"embeddable":true,"href":"https:\/\/miurltemporal.com/main/triatletasenred.sport.es\/wp-json\/wp\/v2\/users\/6"}],"replies":[{"embeddable":true,"href":"https:\/\/miurltemporal.com/main/triatletasenred.sport.es\/wp-json\/wp\/v2\/comments?post=68740"}],"version-history":[{"count":0,"href":"https:\/\/miurltemporal.com/main/triatletasenred.sport.es\/wp-json\/wp\/v2\/posts\/68740\/revisions"}],"wp:featuredmedia":[{"embeddable":true,"href":"https:\/\/miurltemporal.com/main/triatletasenred.sport.es\/wp-json\/wp\/v2\/media\/64788"}],"wp:attachment":[{"href":"https:\/\/miurltemporal.com/main/triatletasenred.sport.es\/wp-json\/wp\/v2\/media?parent=68740"}],"wp:term":[{"taxonomy":"category","embeddable":true,"href":"https:\/\/miurltemporal.com/main/triatletasenred.sport.es\/wp-json\/wp\/v2\/categories?post=68740"},{"taxonomy":"post_tag","embeddable":true,"href":"https:\/\/miurltemporal.com/main/triatletasenred.sport.es\/wp-json\/wp\/v2\/tags?post=68740"}],"curies":[{"name":"wp","href":"https:\/\/api.w.org\/{rel}","templated":true}]}}