{"id":68667,"date":"2020-06-22T07:01:01","date_gmt":"2020-06-22T05:01:01","guid":{"rendered":"https:\/\/miurltemporal.com/main/triatletasenred.sport.es\/?p=68667"},"modified":"2020-06-22T05:32:29","modified_gmt":"2020-06-22T03:32:29","slug":"las-50-personas-con-mas-poder-del-ciclismo","status":"publish","type":"post","link":"https:\/\/miurltemporal.com/main/triatletasenred.sport.es\/actualidad\/las-50-personas-con-mas-poder-del-ciclismo\/","title":{"rendered":"Las 50 personas con M\u00c1S PODER del ciclismo"},"content":{"rendered":"<h3>La revista Cycling News recoge en su web, el listado con los personajes m\u00e1s influyentes del mundo del pedal. \u00bfSabr\u00edas adivinar qui\u00e9n forma parte del top 10?<\/h3>\n<p><a href=\"https:\/\/www.canyon.com\/es\/triathlon\/?utm_campaign=Speedmax-ES-Mar-2019&amp;utm_medium=display&amp;utm_source=triatletasenred\" rel=\"nofollow noopener\" target=\"_blank\"><img fetchpriority=\"high\" decoding=\"async\" class=\"aligncenter size-full wp-image-61181\" src=\"https:\/\/miurltemporal.com/main/triatletasenred.sport.es\/wp-content\/uploads\/Banner_Canyon_Speedmax_ES_1000x160px.gif\" alt=\"\" width=\"1000\" height=\"160\" \/><\/a><\/p>\n<p>Los VIP de la bici, aquellos que al hablar, son capaces de intervenir en multitud de decisiones que pueden afectar a todo el mundo de este deporte, y hasta transgredir al panorama de los medios globales.<\/p>\n<p>Ciclistas en activo, retirados, jefes de equipo, representantes, m\u00e9dicos, patrocinadores y presidentes de entes del mundo de las bicis son los ocupantes de esta lista de los 50 privilegiados -o no- que pueden conseguir un titular con tan solo poner un tweet desde el sof\u00e1 de su casa, por ejemplo.<\/p>\n<hr \/>\n<p>A continuaci\u00f3n, nombraremos algunas de las entradas del top.<\/p>\n<ul>\n<li>47. <strong>Eddy Merckx:<\/strong> El m\u00edtico ciclista, ganador de 5 Tours, 5 Giros y 1 Vuelta, quiz\u00e1s lo esperar\u00edamos m\u00e1s arriba en el top.<br \/>\n<hr \/>\n<p>45. <strong>Axel Merckx:\u00a0<\/strong>El hijo de &#8216;El Can\u00edbal&#8217; se encuentra dos puestos por encima de su hijo. Actualmente a cargo del equipo\u00a0 <strong>Hagens Berman Axeon,\u00a0<\/strong>corriendo en categor\u00eda Continental &#8211; El tercer escalaf\u00f3n del profesionalismo en el mundi-nacido en 2009\u00a0 como filial del RadioShack.<\/p>\n<hr \/>\n<p>41. <strong>Remco Evenepoel:\u00a0<\/strong>El joven destinado a ser el rey del ciclismo en la pr\u00f3xima d\u00e9cada, junto a MVDP y Van Aert.<\/p>\n<hr \/>\n<p>36. <strong>Witold Banka:\u00a0<\/strong>El presidente de la World Anti-Drug Agency (WADA), la persona al cargo de la persecuci\u00f3n mundial del dopaje en el ciclismo.<\/p>\n<hr \/>\n<p>23. <strong>Mathieu van der Poel:\u00a0<\/strong>El ciclista que cualquier jefe de filas quiere en su equipo. Completo, impredecible y con ganas de ganarlo todo. Con solo 25 a\u00f1os ya es una estrella mundial con sello propio, y apoyado por las mejores marcas del panorama.<\/p>\n<hr \/>\n<p>21.\u00a0 <strong>Annemiek van Vleuten:\u00a0<\/strong>La corredora del Michelton Scott es una de las figuras del ciclismo mundial. La actual dominadora de la ruta femenina en todos los aspectos, embajadora de la mujer en el deporte y una verdadera<em> box-to-box\u00a0<\/em>capaz de ganar en cualquier escenario.<\/p>\n<hr \/>\n<p>17. <strong>Marianne Vos:\u00a0<\/strong>La ciclista profesional con el puesto m\u00e1s alto en el top, una leyenda del ciclismo con m\u00e1s de 12 mundiales del ciclismo, en ruta, ciclocross y pista. A d\u00eda de hoy combina su dedicaci\u00f3n a la bici, con su puesto de representante de todos los ciclistas profesionales ante la UCI.<\/p>\n<hr \/>\n<p>16. <strong>Jim Ratcliffe:\u00a0<\/strong>El presidente del INEOS, el equipo profesional con el presupuesto m\u00e1s grande de todo el pelot\u00f3n, de largo, con m\u00e1s de 40 millones de euros para mantener un\u00a0<em>roster\u00a0<\/em>donde cada uno de ellos podr\u00eda liderar cualquier equipo UCI.<\/p>\n<hr \/>\n<p>13. <strong>Chris Froome:\u00a0<\/strong>En un momento incierto para la carrera del brit\u00e1nico, <strong>Froome<\/strong> se sit\u00faa muy cercano al top 10 gracias a su carisma y peculiar estilo que lo han llevado a dominar y revolucionar el ciclismo moderno en los \u00faltimos a\u00f1os, y aunque parezca que su legado ha llegado a su fin, <strong>Froome<\/strong> a\u00fan tiene cosas que decir.<\/p>\n<hr \/>\n<p>10. <strong>Lance Armstrong:<\/strong> \u00bfAlgo que no se haya dicho ya del norteamericano? Un ciclista que pas\u00f3 de ser una de las figuras m\u00e1s idolatradas del mundo del deporte y una inspiraci\u00f3n contra el c\u00e1ncer, a un apestado que se pasea por los micr\u00f3fonos de medio mundo contando su vida y &#8216;penas&#8217;, si es que las tiene. Si abre la boca, llena un titular.<\/p>\n<hr \/>\n<p>7. <strong>Amina Lanaya:<\/strong> La directora general de la UCI, con una carrera impecable en el organismo mundial del ciclismo, abogando por la igualdad de g\u00e9nero en el deporte.<\/p>\n<hr \/>\n<div id=\"content\" class=\"clear-both widget widget-contentparsed widget-content widget-contentparsed-content widget-content-parsed widget-content-parsed-default \" data-widget-type=\"contentparsed\">\n<div class=\"wcp-item-content\">\n<p>6. <strong>Egan Bernal:\u00a0<\/strong>\u00bfQui\u00e9n m\u00e1s puede decir que es jefe de equipo y ganador del Tour con 23 a\u00f1os? Pensar en el futuro de Bernal asombra a cualquiera, s\u00f3lo \u00e9l sabe de lo que es capaz. El tiempo nos lo dir\u00e1, falta sentarse y disfrutar.<\/p>\n<hr \/>\n<p>5. <strong>Peter Sagan<\/strong>: Un ciclista cuya personalidad va m\u00e1s all\u00e1 del deporte de las dos ruedas. Una marca, un estilo, un personaje. Qui\u00e9n lo quiera en su equipo va a tener que &#8216;soltar&#8217; m\u00e1s de 5 millones de euros.<\/p>\n<hr \/>\n<\/div>\n<div class=\"wcp-item-content\">\n<p>4. <strong>Dave Brailsford:\u00a0<\/strong>La persona que manda en el ciclismo de Reino Unido, con influencia directa en la federaci\u00f3n, que es una de las principales infraestructuras que soportan el INEOS del cual es manager. Nada f\u00e1cil la tarea de gestionar un grupo humano con 3 ganadores de Tour, ego no le debe faltar.<\/p>\n<hr \/>\n<\/div>\n<div class=\"wcp-item-content\">\n<p>2. <strong>David Lappartient:\u00a0<\/strong>La \u00faltima palabra en las decisiones que afectar\u00e1n al ciclismo, qui\u00e9n decide qu\u00e9 s\u00ed y qu\u00e9 no en cuanto a las medidas que regulan un deporte con una estricta tradici\u00f3n en cuanto a normativa y reglas.<\/p>\n<hr \/>\n<\/div>\n<div class=\"wcp-item-content\">1. <strong>Marie-Odile Amaury<\/strong>: La presidenta del Groupe Amaury (ASO), una mujer desconocida para la gran mayor\u00eda de lectores del post. Amaury est\u00e1 al frente de una de las familias m\u00e1s ricas del mundo, con inversi\u00f3n principalmente en ciclismo. En su haber tiene el Tour, la Vuelta, la Paris-Roubaix y la Li\u00e8ge-Bastogne-Li\u00e8ge. Con lo que implica que realmente es la persona que decide TODO lo que pasa en el ciclismo, ya que su posici\u00f3n es la de total monopolio, con el Giro de Italia como \u00fanico foco que no est\u00e1 en el paraguas de la ASO.<br \/>\n<small><\/small><\/div>\n<\/div>\n<\/li>\n<\/ul>\n","protected":false},"excerpt":{"rendered":"<p>La revista Cycling News recoge en su web, el listado con los personajes m\u00e1s influyentes del mundo del pedal. \u00bfSabr\u00edas adivinar qui\u00e9n forma parte del top 10? Los VIP de la bici, aquellos que al hablar, son capaces de intervenir en multitud de decisiones que pueden afectar a todo el mundo de este deporte, y [&hellip;]<\/p>\n","protected":false},"author":309,"featured_media":68678,"comment_status":"closed","ping_status":"closed","sticky":false,"template":"","format":"standard","meta":{"_acf_changed":false,"rank_math_lock_modified_date":false,"footnotes":""},"categories":[17],"tags":[7933],"class_list":{"0":"post-68667","1":"post","2":"type-post","3":"status-publish","4":"format-standard","5":"has-post-thumbnail","7":"category-actualidad","8":"tag-mas-influyentes-ciclismo"},"acf":[],"_links":{"self":[{"href":"https:\/\/miurltemporal.com/main/triatletasenred.sport.es\/wp-json\/wp\/v2\/posts\/68667"}],"collection":[{"href":"https:\/\/miurltemporal.com/main/triatletasenred.sport.es\/wp-json\/wp\/v2\/posts"}],"about":[{"href":"https:\/\/miurltemporal.com/main/triatletasenred.sport.es\/wp-json\/wp\/v2\/types\/post"}],"author":[{"embeddable":true,"href":"https:\/\/miurltemporal.com/main/triatletasenred.sport.es\/wp-json\/wp\/v2\/users\/309"}],"replies":[{"embeddable":true,"href":"https:\/\/miurltemporal.com/main/triatletasenred.sport.es\/wp-json\/wp\/v2\/comments?post=68667"}],"version-history":[{"count":0,"href":"https:\/\/miurltemporal.com/main/triatletasenred.sport.es\/wp-json\/wp\/v2\/posts\/68667\/revisions"}],"wp:featuredmedia":[{"embeddable":true,"href":"https:\/\/miurltemporal.com/main/triatletasenred.sport.es\/wp-json\/wp\/v2\/media\/68678"}],"wp:attachment":[{"href":"https:\/\/miurltemporal.com/main/triatletasenred.sport.es\/wp-json\/wp\/v2\/media?parent=68667"}],"wp:term":[{"taxonomy":"category","embeddable":true,"href":"https:\/\/miurltemporal.com/main/triatletasenred.sport.es\/wp-json\/wp\/v2\/categories?post=68667"},{"taxonomy":"post_tag","embeddable":true,"href":"https:\/\/miurltemporal.com/main/triatletasenred.sport.es\/wp-json\/wp\/v2\/tags?post=68667"}],"curies":[{"name":"wp","href":"https:\/\/api.w.org\/{rel}","templated":true}]}}